{"id":19651,"date":"2022-05-09T12:32:36","date_gmt":"2022-05-09T10:32:36","guid":{"rendered":"https:\/\/samcla.com\/?p=19651"},"modified":"2022-06-13T08:45:54","modified_gmt":"2022-06-13T06:45:54","slug":"22e-congres-apevc","status":"publish","type":"post","link":"https:\/\/samcla.com\/ca\/22e-congres-apevc\/","title":{"rendered":"22\u00e8 congr\u00e9s APEVC"},"content":{"rendered":"<p>\u00c8xit de convocat\u00f2ria al 22\u00e8 congr\u00e9s <a href=\"http:\/\/www.apevc.cat\/congres-apevc\/\">APEVC<\/a> que va tenir lloc a Mollerussa del 5 al 7 de maig i que va comptar amb la participaci\u00f3 d&#8217;experts de diferents \u00e0mbits que intervenen en la gesti\u00f3 de la jardineria p\u00fablica.<\/p>\n<blockquote><p>Un punt de trobada per a reflexionar sobre la<b> transformaci\u00f3 de la infraestructura verda <\/b>en pobles i ciutats.<\/p><\/blockquote>\n<p>Dins del programa es van tractar temes molt interessants com:<\/p>\n<ul>\n<li>LA GESTI\u00d3 DELS ESPAIS VERDS EN ENTORN RURALS<\/li>\n<li>CRITERIS AMBIENTALS DE L\u2019AMB EN EL DISSENY URB\u00c0<\/li>\n<li>LA COMUNICACI\u00d3 AL SERVEI DE LA BIODIVERSITAT<\/li>\n<li>ACCIONS PER LA NATURALITZACI\u00d3 DE LA INFRAESTRUCTURA URBANA I LA SEVA DIFUSI\u00d3<\/li>\n<li>EMERG\u00c8NCIA CLIM\u00c0TICA<\/li>\n<\/ul>\n<p>Durant els 3 dies vam poder explicar les novetats del sistema SAMCLA Infinite a professionals de la infraestructura verda. Contents d&#8217;haver participat al congr\u00e9s i retrobar-nos amb amics i companys del m\u00f3n de la jardineria p\u00fablica que aposten per l&#8217;estalvi d&#8217;aigua i la sostenibilitat.<\/p>\n","protected":false},"excerpt":{"rendered":"<p>\u00c8xit de convocat\u00f2ria al 22\u00e8 congr\u00e9s APEVC que va tenir lloc a Mollerussa del 5 al 7 de maig i que va comptar amb la participaci\u00f3 d&#8217;experts de diferents \u00e0mbits que intervenen en la gesti\u00f3 de la jardineria p\u00fablica. Un punt de trobada per a reflexionar sobre la transformaci\u00f3 de la infraestructura verda en pobles [&hellip;]<\/p>\n","protected":false},"author":6,"featured_media":19654,"comment_status":"closed","ping_status":"closed","sticky":false,"template":"","format":"standard","meta":{"footnotes":""},"categories":[2,121],"tags":[214,260,259,261,143,141],"class_list":["post-19651","post","type-post","status-publish","format-standard","has-post-thumbnail","hentry","category-noticies","category-telegestio-samcla-catalunya","tag-ajuntaments","tag-apevc","tag-congres","tag-jardineria-publica","tag-medi-ambient","tag-sostenibilitat"],"yoast_head":"<!-- This site is optimized with the Yoast SEO plugin v27.5 - https:\/\/yoast.com\/product\/yoast-seo-wordpress\/ -->\n<title>22\u00e8 congr\u00e9s APEVC &#8212; Samcla<\/title>\n<meta name=\"robots\" content=\"index, follow, max-snippet:-1, max-image-preview:large, max-video-preview:-1\" \/>\n<link rel=\"canonical\" href=\"https:\/\/samcla.com\/ca\/22e-congres-apevc\/\" \/>\n<meta property=\"og:locale\" content=\"ca_ES\" \/>\n<meta property=\"og:type\" content=\"article\" \/>\n<meta property=\"og:title\" content=\"22\u00e8 congr\u00e9s APEVC &#8212; Samcla\" \/>\n<meta property=\"og:description\" content=\"\u00c8xit de convocat\u00f2ria al 22\u00e8 congr\u00e9s APEVC que va tenir lloc a Mollerussa del 5 al 7 de maig i que va comptar amb la participaci\u00f3 d&#8217;experts de diferents \u00e0mbits que intervenen en la gesti\u00f3 de la jardineria p\u00fablica. Un punt de trobada per a reflexionar sobre la transformaci\u00f3 de la infraestructura verda en pobles [&hellip;]\" \/>\n<meta property=\"og:url\" content=\"https:\/\/samcla.com\/ca\/22e-congres-apevc\/\" \/>\n<meta property=\"og:site_name\" content=\"Samcla\" \/>\n<meta property=\"article:published_time\" content=\"2022-05-09T10:32:36+00:00\" \/>\n<meta property=\"article:modified_time\" content=\"2022-06-13T06:45:54+00:00\" \/>\n<meta property=\"og:image\" content=\"https:\/\/samcla.com\/wp-content\/uploads\/2022\/05\/Post-LinkedIn-APEVC-2.png\" \/>\n\t<meta property=\"og:image:width\" content=\"1200\" \/>\n\t<meta property=\"og:image:height\" content=\"1200\" \/>\n\t<meta property=\"og:image:type\" content=\"image\/png\" \/>\n<meta name=\"author\" content=\"Anna Castejon\" \/>\n<meta name=\"twitter:card\" content=\"summary_large_image\" \/>\n<meta name=\"twitter:label1\" content=\"Escrit per\" \/>\n\t<meta name=\"twitter:data1\" content=\"Anna Castejon\" \/>\n\t<meta name=\"twitter:label2\" content=\"Temps estimat de lectura\" \/>\n\t<meta name=\"twitter:data2\" content=\"1 minut\" \/>\n<script type=\"application\/ld+json\" class=\"yoast-schema-graph\">{\"@context\":\"https:\\\/\\\/schema.org\",\"@graph\":[{\"@type\":\"Article\",\"@id\":\"https:\\\/\\\/samcla.com\\\/ca\\\/22e-congres-apevc\\\/#article\",\"isPartOf\":{\"@id\":\"https:\\\/\\\/samcla.com\\\/ca\\\/22e-congres-apevc\\\/\"},\"author\":{\"name\":\"Anna Castejon\",\"@id\":\"https:\\\/\\\/samcla.com\\\/ca\\\/#\\\/schema\\\/person\\\/19d4bb58ed43c6b247672b729ce7bbd0\"},\"headline\":\"22\u00e8 congr\u00e9s APEVC\",\"datePublished\":\"2022-05-09T10:32:36+00:00\",\"dateModified\":\"2022-06-13T06:45:54+00:00\",\"mainEntityOfPage\":{\"@id\":\"https:\\\/\\\/samcla.com\\\/ca\\\/22e-congres-apevc\\\/\"},\"wordCount\":160,\"publisher\":{\"@id\":\"https:\\\/\\\/samcla.com\\\/ca\\\/#organization\"},\"image\":{\"@id\":\"https:\\\/\\\/samcla.com\\\/ca\\\/22e-congres-apevc\\\/#primaryimage\"},\"thumbnailUrl\":\"https:\\\/\\\/samcla.com\\\/wp-content\\\/uploads\\\/2022\\\/05\\\/Post-LinkedIn-APEVC-2.png\",\"keywords\":[\"Ajuntaments\",\"APEVC\",\"CONGR\u00c9S\",\"JARDINERIA P\u00daBLICA\",\"medi ambient\",\"Sostenibilitat\"],\"articleSection\":[\"NOT\u00cdCIES\",\"SAMCLA CATALUNYA\"],\"inLanguage\":\"ca\"},{\"@type\":\"WebPage\",\"@id\":\"https:\\\/\\\/samcla.com\\\/ca\\\/22e-congres-apevc\\\/\",\"url\":\"https:\\\/\\\/samcla.com\\\/ca\\\/22e-congres-apevc\\\/\",\"name\":\"22\u00e8 congr\u00e9s APEVC &#8212; Samcla\",\"isPartOf\":{\"@id\":\"https:\\\/\\\/samcla.com\\\/ca\\\/#website\"},\"primaryImageOfPage\":{\"@id\":\"https:\\\/\\\/samcla.com\\\/ca\\\/22e-congres-apevc\\\/#primaryimage\"},\"image\":{\"@id\":\"https:\\\/\\\/samcla.com\\\/ca\\\/22e-congres-apevc\\\/#primaryimage\"},\"thumbnailUrl\":\"https:\\\/\\\/samcla.com\\\/wp-content\\\/uploads\\\/2022\\\/05\\\/Post-LinkedIn-APEVC-2.png\",\"datePublished\":\"2022-05-09T10:32:36+00:00\",\"dateModified\":\"2022-06-13T06:45:54+00:00\",\"breadcrumb\":{\"@id\":\"https:\\\/\\\/samcla.com\\\/ca\\\/22e-congres-apevc\\\/#breadcrumb\"},\"inLanguage\":\"ca\",\"potentialAction\":[{\"@type\":\"ReadAction\",\"target\":[\"https:\\\/\\\/samcla.com\\\/ca\\\/22e-congres-apevc\\\/\"]}]},{\"@type\":\"ImageObject\",\"inLanguage\":\"ca\",\"@id\":\"https:\\\/\\\/samcla.com\\\/ca\\\/22e-congres-apevc\\\/#primaryimage\",\"url\":\"https:\\\/\\\/samcla.com\\\/wp-content\\\/uploads\\\/2022\\\/05\\\/Post-LinkedIn-APEVC-2.png\",\"contentUrl\":\"https:\\\/\\\/samcla.com\\\/wp-content\\\/uploads\\\/2022\\\/05\\\/Post-LinkedIn-APEVC-2.png\",\"width\":1200,\"height\":1200},{\"@type\":\"BreadcrumbList\",\"@id\":\"https:\\\/\\\/samcla.com\\\/ca\\\/22e-congres-apevc\\\/#breadcrumb\",\"itemListElement\":[{\"@type\":\"ListItem\",\"position\":1,\"name\":\"Portada\",\"item\":\"https:\\\/\\\/samcla.com\\\/ca\\\/inici\\\/\"},{\"@type\":\"ListItem\",\"position\":2,\"name\":\"22\u00e8 congr\u00e9s APEVC\"}]},{\"@type\":\"WebSite\",\"@id\":\"https:\\\/\\\/samcla.com\\\/ca\\\/#website\",\"url\":\"https:\\\/\\\/samcla.com\\\/ca\\\/\",\"name\":\"Samcla\",\"description\":\"Sistema de telegesti\u00f3n para redes de riego\",\"publisher\":{\"@id\":\"https:\\\/\\\/samcla.com\\\/ca\\\/#organization\"},\"potentialAction\":[{\"@type\":\"SearchAction\",\"target\":{\"@type\":\"EntryPoint\",\"urlTemplate\":\"https:\\\/\\\/samcla.com\\\/ca\\\/?s={search_term_string}\"},\"query-input\":{\"@type\":\"PropertyValueSpecification\",\"valueRequired\":true,\"valueName\":\"search_term_string\"}}],\"inLanguage\":\"ca\"},{\"@type\":\"Organization\",\"@id\":\"https:\\\/\\\/samcla.com\\\/ca\\\/#organization\",\"name\":\"SAMCLA\",\"url\":\"https:\\\/\\\/samcla.com\\\/ca\\\/\",\"logo\":{\"@type\":\"ImageObject\",\"inLanguage\":\"ca\",\"@id\":\"https:\\\/\\\/samcla.com\\\/ca\\\/#\\\/schema\\\/logo\\\/image\\\/\",\"url\":\"https:\\\/\\\/samcla.com\\\/wp-content\\\/uploads\\\/2018\\\/03\\\/LOGO_SAMCLA_HOME_5.png\",\"contentUrl\":\"https:\\\/\\\/samcla.com\\\/wp-content\\\/uploads\\\/2018\\\/03\\\/LOGO_SAMCLA_HOME_5.png\",\"width\":\"543\",\"height\":\"200\",\"caption\":\"SAMCLA\"},\"image\":{\"@id\":\"https:\\\/\\\/samcla.com\\\/ca\\\/#\\\/schema\\\/logo\\\/image\\\/\"},\"sameAs\":[\"http:\\\/\\\/samclatelemanagement\"]},{\"@type\":\"Person\",\"@id\":\"https:\\\/\\\/samcla.com\\\/ca\\\/#\\\/schema\\\/person\\\/19d4bb58ed43c6b247672b729ce7bbd0\",\"name\":\"Anna Castejon\",\"image\":{\"@type\":\"ImageObject\",\"inLanguage\":\"ca\",\"@id\":\"https:\\\/\\\/secure.gravatar.com\\\/avatar\\\/f6873f05ce842b596b76c07705f649a4694e251ef8e2f459adfe84e78da6f60b?s=96&d=mm&r=g\",\"url\":\"https:\\\/\\\/secure.gravatar.com\\\/avatar\\\/f6873f05ce842b596b76c07705f649a4694e251ef8e2f459adfe84e78da6f60b?s=96&d=mm&r=g\",\"contentUrl\":\"https:\\\/\\\/secure.gravatar.com\\\/avatar\\\/f6873f05ce842b596b76c07705f649a4694e251ef8e2f459adfe84e78da6f60b?s=96&d=mm&r=g\",\"caption\":\"Anna Castejon\"},\"url\":\"https:\\\/\\\/samcla.com\\\/ca\\\/author\\\/acastejon\\\/\"}]}<\/script>\n<!-- \/ Yoast SEO plugin. -->","yoast_head_json":{"title":"22\u00e8 congr\u00e9s APEVC &#8212; Samcla","robots":{"index":"index","follow":"follow","max-snippet":"max-snippet:-1","max-image-preview":"max-image-preview:large","max-video-preview":"max-video-preview:-1"},"canonical":"https:\/\/samcla.com\/ca\/22e-congres-apevc\/","og_locale":"ca_ES","og_type":"article","og_title":"22\u00e8 congr\u00e9s APEVC &#8212; Samcla","og_description":"\u00c8xit de convocat\u00f2ria al 22\u00e8 congr\u00e9s APEVC que va tenir lloc a Mollerussa del 5 al 7 de maig i que va comptar amb la participaci\u00f3 d&#8217;experts de diferents \u00e0mbits que intervenen en la gesti\u00f3 de la jardineria p\u00fablica. Un punt de trobada per a reflexionar sobre la transformaci\u00f3 de la infraestructura verda en pobles [&hellip;]","og_url":"https:\/\/samcla.com\/ca\/22e-congres-apevc\/","og_site_name":"Samcla","article_published_time":"2022-05-09T10:32:36+00:00","article_modified_time":"2022-06-13T06:45:54+00:00","og_image":[{"width":1200,"height":1200,"url":"https:\/\/samcla.com\/wp-content\/uploads\/2022\/05\/Post-LinkedIn-APEVC-2.png","type":"image\/png"}],"author":"Anna Castejon","twitter_card":"summary_large_image","twitter_misc":{"Escrit per":"Anna Castejon","Temps estimat de lectura":"1 minut"},"schema":{"@context":"https:\/\/schema.org","@graph":[{"@type":"Article","@id":"https:\/\/samcla.com\/ca\/22e-congres-apevc\/#article","isPartOf":{"@id":"https:\/\/samcla.com\/ca\/22e-congres-apevc\/"},"author":{"name":"Anna Castejon","@id":"https:\/\/samcla.com\/ca\/#\/schema\/person\/19d4bb58ed43c6b247672b729ce7bbd0"},"headline":"22\u00e8 congr\u00e9s APEVC","datePublished":"2022-05-09T10:32:36+00:00","dateModified":"2022-06-13T06:45:54+00:00","mainEntityOfPage":{"@id":"https:\/\/samcla.com\/ca\/22e-congres-apevc\/"},"wordCount":160,"publisher":{"@id":"https:\/\/samcla.com\/ca\/#organization"},"image":{"@id":"https:\/\/samcla.com\/ca\/22e-congres-apevc\/#primaryimage"},"thumbnailUrl":"https:\/\/samcla.com\/wp-content\/uploads\/2022\/05\/Post-LinkedIn-APEVC-2.png","keywords":["Ajuntaments","APEVC","CONGR\u00c9S","JARDINERIA P\u00daBLICA","medi ambient","Sostenibilitat"],"articleSection":["NOT\u00cdCIES","SAMCLA CATALUNYA"],"inLanguage":"ca"},{"@type":"WebPage","@id":"https:\/\/samcla.com\/ca\/22e-congres-apevc\/","url":"https:\/\/samcla.com\/ca\/22e-congres-apevc\/","name":"22\u00e8 congr\u00e9s APEVC &#8212; Samcla","isPartOf":{"@id":"https:\/\/samcla.com\/ca\/#website"},"primaryImageOfPage":{"@id":"https:\/\/samcla.com\/ca\/22e-congres-apevc\/#primaryimage"},"image":{"@id":"https:\/\/samcla.com\/ca\/22e-congres-apevc\/#primaryimage"},"thumbnailUrl":"https:\/\/samcla.com\/wp-content\/uploads\/2022\/05\/Post-LinkedIn-APEVC-2.png","datePublished":"2022-05-09T10:32:36+00:00","dateModified":"2022-06-13T06:45:54+00:00","breadcrumb":{"@id":"https:\/\/samcla.com\/ca\/22e-congres-apevc\/#breadcrumb"},"inLanguage":"ca","potentialAction":[{"@type":"ReadAction","target":["https:\/\/samcla.com\/ca\/22e-congres-apevc\/"]}]},{"@type":"ImageObject","inLanguage":"ca","@id":"https:\/\/samcla.com\/ca\/22e-congres-apevc\/#primaryimage","url":"https:\/\/samcla.com\/wp-content\/uploads\/2022\/05\/Post-LinkedIn-APEVC-2.png","contentUrl":"https:\/\/samcla.com\/wp-content\/uploads\/2022\/05\/Post-LinkedIn-APEVC-2.png","width":1200,"height":1200},{"@type":"BreadcrumbList","@id":"https:\/\/samcla.com\/ca\/22e-congres-apevc\/#breadcrumb","itemListElement":[{"@type":"ListItem","position":1,"name":"Portada","item":"https:\/\/samcla.com\/ca\/inici\/"},{"@type":"ListItem","position":2,"name":"22\u00e8 congr\u00e9s APEVC"}]},{"@type":"WebSite","@id":"https:\/\/samcla.com\/ca\/#website","url":"https:\/\/samcla.com\/ca\/","name":"Samcla","description":"Sistema de telegesti\u00f3n para redes de riego","publisher":{"@id":"https:\/\/samcla.com\/ca\/#organization"},"potentialAction":[{"@type":"SearchAction","target":{"@type":"EntryPoint","urlTemplate":"https:\/\/samcla.com\/ca\/?s={search_term_string}"},"query-input":{"@type":"PropertyValueSpecification","valueRequired":true,"valueName":"search_term_string"}}],"inLanguage":"ca"},{"@type":"Organization","@id":"https:\/\/samcla.com\/ca\/#organization","name":"SAMCLA","url":"https:\/\/samcla.com\/ca\/","logo":{"@type":"ImageObject","inLanguage":"ca","@id":"https:\/\/samcla.com\/ca\/#\/schema\/logo\/image\/","url":"https:\/\/samcla.com\/wp-content\/uploads\/2018\/03\/LOGO_SAMCLA_HOME_5.png","contentUrl":"https:\/\/samcla.com\/wp-content\/uploads\/2018\/03\/LOGO_SAMCLA_HOME_5.png","width":"543","height":"200","caption":"SAMCLA"},"image":{"@id":"https:\/\/samcla.com\/ca\/#\/schema\/logo\/image\/"},"sameAs":["http:\/\/samclatelemanagement"]},{"@type":"Person","@id":"https:\/\/samcla.com\/ca\/#\/schema\/person\/19d4bb58ed43c6b247672b729ce7bbd0","name":"Anna Castejon","image":{"@type":"ImageObject","inLanguage":"ca","@id":"https:\/\/secure.gravatar.com\/avatar\/f6873f05ce842b596b76c07705f649a4694e251ef8e2f459adfe84e78da6f60b?s=96&d=mm&r=g","url":"https:\/\/secure.gravatar.com\/avatar\/f6873f05ce842b596b76c07705f649a4694e251ef8e2f459adfe84e78da6f60b?s=96&d=mm&r=g","contentUrl":"https:\/\/secure.gravatar.com\/avatar\/f6873f05ce842b596b76c07705f649a4694e251ef8e2f459adfe84e78da6f60b?s=96&d=mm&r=g","caption":"Anna Castejon"},"url":"https:\/\/samcla.com\/ca\/author\/acastejon\/"}]}},"_links":{"self":[{"href":"https:\/\/samcla.com\/ca\/wp-json\/wp\/v2\/posts\/19651","targetHints":{"allow":["GET"]}}],"collection":[{"href":"https:\/\/samcla.com\/ca\/wp-json\/wp\/v2\/posts"}],"about":[{"href":"https:\/\/samcla.com\/ca\/wp-json\/wp\/v2\/types\/post"}],"author":[{"embeddable":true,"href":"https:\/\/samcla.com\/ca\/wp-json\/wp\/v2\/users\/6"}],"replies":[{"embeddable":true,"href":"https:\/\/samcla.com\/ca\/wp-json\/wp\/v2\/comments?post=19651"}],"version-history":[{"count":0,"href":"https:\/\/samcla.com\/ca\/wp-json\/wp\/v2\/posts\/19651\/revisions"}],"wp:featuredmedia":[{"embeddable":true,"href":"https:\/\/samcla.com\/ca\/wp-json\/wp\/v2\/media\/19654"}],"wp:attachment":[{"href":"https:\/\/samcla.com\/ca\/wp-json\/wp\/v2\/media?parent=19651"}],"wp:term":[{"taxonomy":"category","embeddable":true,"href":"https:\/\/samcla.com\/ca\/wp-json\/wp\/v2\/categories?post=19651"},{"taxonomy":"post_tag","embeddable":true,"href":"https:\/\/samcla.com\/ca\/wp-json\/wp\/v2\/tags?post=19651"}],"curies":[{"name":"wp","href":"https:\/\/api.w.org\/{rel}","templated":true}]}}