{"id":27888,"date":"2026-04-23T11:13:59","date_gmt":"2026-04-23T09:13:59","guid":{"rendered":"https:\/\/samcla.com\/el-prat-de-llobregat-impulsa-solucions-innovadores-per-al-creixement-i-la-sostenibilitat-del-verd-urba\/"},"modified":"2026-04-23T11:13:59","modified_gmt":"2026-04-23T09:13:59","slug":"el-prat-de-llobregat-impulsa-solucions-innovadores-per-al-creixement-i-la-sostenibilitat-del-verd-urba","status":"publish","type":"post","link":"https:\/\/samcla.com\/ca\/el-prat-de-llobregat-impulsa-solucions-innovadores-per-al-creixement-i-la-sostenibilitat-del-verd-urba\/","title":{"rendered":"El Prat de LLobregat impulsa solucions innovadores per al creixement i la sostenibilitat del verd urb\u00e0"},"content":{"rendered":"<p>En un context territorial especialment complex, amb alta pressi\u00f3 urbana, infraestructures estrat\u00e8giques com l&#8217;aeroport i la pres\u00e8ncia d&#8217;espais naturals protegits al Delta del Llobregat, la gesti\u00f3 del reg \u00e9s un element clau per garantir la sostenibilitat dels espais verds i la resili\u00e8ncia del paisatge urb\u00e0.<\/p>\n<p>El Prat de Llobregat ha completat recentment el desplegament del <strong>sistema de telegesti\u00f3 SAMCLA a tot el terme municipal<\/strong>, que refor\u00e7a l&#8217;estrat\u00e8gia de digitalitzaci\u00f3 dels serveis de manteniment de zones verdes i la millora de l&#8217;efici\u00e8ncia en l&#8217;\u00fas dels recursos h\u00eddrics.<\/p>\n<blockquote><p>El projecte integra una <strong>xarxa de control del reg en temps real de prop de 1000 electrov\u00e0lvules<\/strong> gr\u00e0cies a 10 concentradors que connecten <strong>400 programadors de reg<\/strong> distribu\u00efts per parcs, jardins, rotondes i altres espais naturals del municipi.<\/p><\/blockquote>\n<p>A m\u00e9s, s&#8217;hi han incorporat:<\/p>\n<ul>\n<li>16 comptadors d&#8217;aigua per a la monitoritzaci\u00f3 de consums per sectors hidr\u00e0ulics.<\/li>\n<li>11 sensors d&#8217;humitat del s\u00f2l ubicats a zones representatives de diferents tipologies de verd urb\u00e0.<\/li>\n<li>Sensors de pluja per a la interrupci\u00f3 autom\u00e0tica dels cicles de reg en episodis de precipitaci\u00f3.<\/li>\n<\/ul>\n<p>La implantaci\u00f3 del sistema comporta una millora significativa en la gesti\u00f3 operativa dels serveis de jardineria municipal:<\/p>\n<ul>\n<li><strong>Reducci\u00f3 del consum daigua<\/strong>, mitjan\u00e7ant ajust din\u00e0mic del reg.<\/li>\n<li><strong>Detecci\u00f3 d&#8217;anomalies de consum<\/strong> que permet identificar sectors amb possibles incid\u00e8ncies hidr\u00e0uliques i reduir al m\u00ednim el temps de resposta.<\/li>\n<li><strong>Minimitzaci\u00f3 de p\u00e8rdues per fuites o avaries<\/strong>, gr\u00e0cies a la monitoritzaci\u00f3 de cabals en temps real amb tall autom\u00e0tic de l&#8217;aigua en cas de sobreconsum.<\/li>\n<li><strong>Reducci\u00f3 de despla\u00e7aments t\u00e8cnics<\/strong>, en poder diagnosticar i actuar remotament sobre els programadors.<\/li>\n<\/ul>\n<p>A nivell de gesti\u00f3, aix\u00f2 es tradueix en una millora de la planificaci\u00f3 de manteniment, una optimitzaci\u00f3 dels recursos humans i una capacitat de resposta m\u00e9s gran davant d&#8217;incid\u00e8ncies.<\/p>\n<p>Amb aquesta actuaci\u00f3, <strong>el Prat de Llobregat consolida un model de gesti\u00f3 avan\u00e7ada de la infraestructura verda urbana<\/strong>, un model de manteniment preventiu, optimitzat i adaptat a les condicions ambientals reals basat en la digitalitzaci\u00f3, efici\u00e8ncia h\u00eddrica i sostenibilitat.<\/p>\n<p>&nbsp;<\/p>\n","protected":false},"excerpt":{"rendered":"<p>En un context territorial especialment complex, amb alta pressi\u00f3 urbana, infraestructures estrat\u00e8giques com l&#8217;aeroport i la pres\u00e8ncia d&#8217;espais naturals protegits al Delta del Llobregat, la gesti\u00f3 del reg \u00e9s un element clau per garantir la sostenibilitat dels espais verds i la resili\u00e8ncia del paisatge urb\u00e0. El Prat de Llobregat ha completat recentment el desplegament del [&hellip;]<\/p>\n","protected":false},"author":6,"featured_media":27896,"comment_status":"closed","ping_status":"closed","sticky":false,"template":"","format":"standard","meta":{"footnotes":""},"categories":[392,121],"tags":[],"class_list":["post-27888","post","type-post","status-publish","format-standard","has-post-thumbnail","hentry","category-noticies-ca","category-telegestio-samcla-catalunya"],"yoast_head":"<!-- This site is optimized with the Yoast SEO plugin v27.5 - https:\/\/yoast.com\/product\/yoast-seo-wordpress\/ -->\n<title>El Prat de LLobregat impulsa solucions innovadores per al creixement i la sostenibilitat del verd urb\u00e0 &#8212; Samcla<\/title>\n<meta name=\"robots\" content=\"index, follow, max-snippet:-1, max-image-preview:large, max-video-preview:-1\" \/>\n<link rel=\"canonical\" href=\"https:\/\/samcla.com\/ca\/el-prat-de-llobregat-impulsa-solucions-innovadores-per-al-creixement-i-la-sostenibilitat-del-verd-urba\/\" \/>\n<meta property=\"og:locale\" content=\"ca_ES\" \/>\n<meta property=\"og:type\" content=\"article\" \/>\n<meta property=\"og:title\" content=\"El Prat de LLobregat impulsa solucions innovadores per al creixement i la sostenibilitat del verd urb\u00e0 &#8212; Samcla\" \/>\n<meta property=\"og:description\" content=\"En un context territorial especialment complex, amb alta pressi\u00f3 urbana, infraestructures estrat\u00e8giques com l&#8217;aeroport i la pres\u00e8ncia d&#8217;espais naturals protegits al Delta del Llobregat, la gesti\u00f3 del reg \u00e9s un element clau per garantir la sostenibilitat dels espais verds i la resili\u00e8ncia del paisatge urb\u00e0. El Prat de Llobregat ha completat recentment el desplegament del [&hellip;]\" \/>\n<meta property=\"og:url\" content=\"https:\/\/samcla.com\/ca\/el-prat-de-llobregat-impulsa-solucions-innovadores-per-al-creixement-i-la-sostenibilitat-del-verd-urba\/\" \/>\n<meta property=\"og:site_name\" content=\"Samcla\" \/>\n<meta property=\"article:published_time\" content=\"2026-04-23T09:13:59+00:00\" \/>\n<meta property=\"og:image\" content=\"https:\/\/samcla.com\/wp-content\/uploads\/2026\/04\/SAMCLA-El-Prat.png\" \/>\n\t<meta property=\"og:image:width\" content=\"1200\" \/>\n\t<meta property=\"og:image:height\" content=\"1200\" \/>\n\t<meta property=\"og:image:type\" content=\"image\/png\" \/>\n<meta name=\"author\" content=\"Anna Castejon\" \/>\n<meta name=\"twitter:card\" content=\"summary_large_image\" \/>\n<meta name=\"twitter:label1\" content=\"Escrit per\" \/>\n\t<meta name=\"twitter:data1\" content=\"Anna Castejon\" \/>\n\t<meta name=\"twitter:label2\" content=\"Temps estimat de lectura\" \/>\n\t<meta name=\"twitter:data2\" content=\"2 minuts\" \/>\n<script type=\"application\/ld+json\" class=\"yoast-schema-graph\">{\"@context\":\"https:\\\/\\\/schema.org\",\"@graph\":[{\"@type\":\"Article\",\"@id\":\"https:\\\/\\\/samcla.com\\\/ca\\\/el-prat-de-llobregat-impulsa-solucions-innovadores-per-al-creixement-i-la-sostenibilitat-del-verd-urba\\\/#article\",\"isPartOf\":{\"@id\":\"https:\\\/\\\/samcla.com\\\/ca\\\/el-prat-de-llobregat-impulsa-solucions-innovadores-per-al-creixement-i-la-sostenibilitat-del-verd-urba\\\/\"},\"author\":{\"name\":\"Anna Castejon\",\"@id\":\"https:\\\/\\\/samcla.com\\\/ca\\\/#\\\/schema\\\/person\\\/19d4bb58ed43c6b247672b729ce7bbd0\"},\"headline\":\"El Prat de LLobregat impulsa solucions innovadores per al creixement i la sostenibilitat del verd urb\u00e0\",\"datePublished\":\"2026-04-23T09:13:59+00:00\",\"mainEntityOfPage\":{\"@id\":\"https:\\\/\\\/samcla.com\\\/ca\\\/el-prat-de-llobregat-impulsa-solucions-innovadores-per-al-creixement-i-la-sostenibilitat-del-verd-urba\\\/\"},\"wordCount\":376,\"publisher\":{\"@id\":\"https:\\\/\\\/samcla.com\\\/ca\\\/#organization\"},\"image\":{\"@id\":\"https:\\\/\\\/samcla.com\\\/ca\\\/el-prat-de-llobregat-impulsa-solucions-innovadores-per-al-creixement-i-la-sostenibilitat-del-verd-urba\\\/#primaryimage\"},\"thumbnailUrl\":\"https:\\\/\\\/samcla.com\\\/wp-content\\\/uploads\\\/2026\\\/04\\\/SAMCLA-El-Prat-de-LLobregat.png\",\"articleSection\":[\"NOT\u00cdCIES\",\"SAMCLA CATALUNYA\"],\"inLanguage\":\"ca\"},{\"@type\":\"WebPage\",\"@id\":\"https:\\\/\\\/samcla.com\\\/ca\\\/el-prat-de-llobregat-impulsa-solucions-innovadores-per-al-creixement-i-la-sostenibilitat-del-verd-urba\\\/\",\"url\":\"https:\\\/\\\/samcla.com\\\/ca\\\/el-prat-de-llobregat-impulsa-solucions-innovadores-per-al-creixement-i-la-sostenibilitat-del-verd-urba\\\/\",\"name\":\"El Prat de LLobregat impulsa solucions innovadores per al creixement i la sostenibilitat del verd urb\u00e0 &#8212; Samcla\",\"isPartOf\":{\"@id\":\"https:\\\/\\\/samcla.com\\\/ca\\\/#website\"},\"primaryImageOfPage\":{\"@id\":\"https:\\\/\\\/samcla.com\\\/ca\\\/el-prat-de-llobregat-impulsa-solucions-innovadores-per-al-creixement-i-la-sostenibilitat-del-verd-urba\\\/#primaryimage\"},\"image\":{\"@id\":\"https:\\\/\\\/samcla.com\\\/ca\\\/el-prat-de-llobregat-impulsa-solucions-innovadores-per-al-creixement-i-la-sostenibilitat-del-verd-urba\\\/#primaryimage\"},\"thumbnailUrl\":\"https:\\\/\\\/samcla.com\\\/wp-content\\\/uploads\\\/2026\\\/04\\\/SAMCLA-El-Prat-de-LLobregat.png\",\"datePublished\":\"2026-04-23T09:13:59+00:00\",\"breadcrumb\":{\"@id\":\"https:\\\/\\\/samcla.com\\\/ca\\\/el-prat-de-llobregat-impulsa-solucions-innovadores-per-al-creixement-i-la-sostenibilitat-del-verd-urba\\\/#breadcrumb\"},\"inLanguage\":\"ca\",\"potentialAction\":[{\"@type\":\"ReadAction\",\"target\":[\"https:\\\/\\\/samcla.com\\\/ca\\\/el-prat-de-llobregat-impulsa-solucions-innovadores-per-al-creixement-i-la-sostenibilitat-del-verd-urba\\\/\"]}]},{\"@type\":\"ImageObject\",\"inLanguage\":\"ca\",\"@id\":\"https:\\\/\\\/samcla.com\\\/ca\\\/el-prat-de-llobregat-impulsa-solucions-innovadores-per-al-creixement-i-la-sostenibilitat-del-verd-urba\\\/#primaryimage\",\"url\":\"https:\\\/\\\/samcla.com\\\/wp-content\\\/uploads\\\/2026\\\/04\\\/SAMCLA-El-Prat-de-LLobregat.png\",\"contentUrl\":\"https:\\\/\\\/samcla.com\\\/wp-content\\\/uploads\\\/2026\\\/04\\\/SAMCLA-El-Prat-de-LLobregat.png\",\"width\":2403,\"height\":1695},{\"@type\":\"BreadcrumbList\",\"@id\":\"https:\\\/\\\/samcla.com\\\/ca\\\/el-prat-de-llobregat-impulsa-solucions-innovadores-per-al-creixement-i-la-sostenibilitat-del-verd-urba\\\/#breadcrumb\",\"itemListElement\":[{\"@type\":\"ListItem\",\"position\":1,\"name\":\"Portada\",\"item\":\"https:\\\/\\\/samcla.com\\\/ca\\\/inici\\\/\"},{\"@type\":\"ListItem\",\"position\":2,\"name\":\"El Prat de LLobregat impulsa solucions innovadores per al creixement i la sostenibilitat del verd urb\u00e0\"}]},{\"@type\":\"WebSite\",\"@id\":\"https:\\\/\\\/samcla.com\\\/ca\\\/#website\",\"url\":\"https:\\\/\\\/samcla.com\\\/ca\\\/\",\"name\":\"Samcla\",\"description\":\"Sistema de telegesti\u00f3n para redes de riego\",\"publisher\":{\"@id\":\"https:\\\/\\\/samcla.com\\\/ca\\\/#organization\"},\"potentialAction\":[{\"@type\":\"SearchAction\",\"target\":{\"@type\":\"EntryPoint\",\"urlTemplate\":\"https:\\\/\\\/samcla.com\\\/ca\\\/?s={search_term_string}\"},\"query-input\":{\"@type\":\"PropertyValueSpecification\",\"valueRequired\":true,\"valueName\":\"search_term_string\"}}],\"inLanguage\":\"ca\"},{\"@type\":\"Organization\",\"@id\":\"https:\\\/\\\/samcla.com\\\/ca\\\/#organization\",\"name\":\"SAMCLA\",\"url\":\"https:\\\/\\\/samcla.com\\\/ca\\\/\",\"logo\":{\"@type\":\"ImageObject\",\"inLanguage\":\"ca\",\"@id\":\"https:\\\/\\\/samcla.com\\\/ca\\\/#\\\/schema\\\/logo\\\/image\\\/\",\"url\":\"https:\\\/\\\/samcla.com\\\/wp-content\\\/uploads\\\/2018\\\/03\\\/LOGO_SAMCLA_HOME_5.png\",\"contentUrl\":\"https:\\\/\\\/samcla.com\\\/wp-content\\\/uploads\\\/2018\\\/03\\\/LOGO_SAMCLA_HOME_5.png\",\"width\":\"543\",\"height\":\"200\",\"caption\":\"SAMCLA\"},\"image\":{\"@id\":\"https:\\\/\\\/samcla.com\\\/ca\\\/#\\\/schema\\\/logo\\\/image\\\/\"},\"sameAs\":[\"http:\\\/\\\/samclatelemanagement\"]},{\"@type\":\"Person\",\"@id\":\"https:\\\/\\\/samcla.com\\\/ca\\\/#\\\/schema\\\/person\\\/19d4bb58ed43c6b247672b729ce7bbd0\",\"name\":\"Anna Castejon\",\"image\":{\"@type\":\"ImageObject\",\"inLanguage\":\"ca\",\"@id\":\"https:\\\/\\\/secure.gravatar.com\\\/avatar\\\/f6873f05ce842b596b76c07705f649a4694e251ef8e2f459adfe84e78da6f60b?s=96&d=mm&r=g\",\"url\":\"https:\\\/\\\/secure.gravatar.com\\\/avatar\\\/f6873f05ce842b596b76c07705f649a4694e251ef8e2f459adfe84e78da6f60b?s=96&d=mm&r=g\",\"contentUrl\":\"https:\\\/\\\/secure.gravatar.com\\\/avatar\\\/f6873f05ce842b596b76c07705f649a4694e251ef8e2f459adfe84e78da6f60b?s=96&d=mm&r=g\",\"caption\":\"Anna Castejon\"},\"url\":\"https:\\\/\\\/samcla.com\\\/ca\\\/author\\\/acastejon\\\/\"}]}<\/script>\n<!-- \/ Yoast SEO plugin. -->","yoast_head_json":{"title":"El Prat de LLobregat impulsa solucions innovadores per al creixement i la sostenibilitat del verd urb\u00e0 &#8212; Samcla","robots":{"index":"index","follow":"follow","max-snippet":"max-snippet:-1","max-image-preview":"max-image-preview:large","max-video-preview":"max-video-preview:-1"},"canonical":"https:\/\/samcla.com\/ca\/el-prat-de-llobregat-impulsa-solucions-innovadores-per-al-creixement-i-la-sostenibilitat-del-verd-urba\/","og_locale":"ca_ES","og_type":"article","og_title":"El Prat de LLobregat impulsa solucions innovadores per al creixement i la sostenibilitat del verd urb\u00e0 &#8212; Samcla","og_description":"En un context territorial especialment complex, amb alta pressi\u00f3 urbana, infraestructures estrat\u00e8giques com l&#8217;aeroport i la pres\u00e8ncia d&#8217;espais naturals protegits al Delta del Llobregat, la gesti\u00f3 del reg \u00e9s un element clau per garantir la sostenibilitat dels espais verds i la resili\u00e8ncia del paisatge urb\u00e0. El Prat de Llobregat ha completat recentment el desplegament del [&hellip;]","og_url":"https:\/\/samcla.com\/ca\/el-prat-de-llobregat-impulsa-solucions-innovadores-per-al-creixement-i-la-sostenibilitat-del-verd-urba\/","og_site_name":"Samcla","article_published_time":"2026-04-23T09:13:59+00:00","og_image":[{"width":1200,"height":1200,"url":"https:\/\/samcla.com\/wp-content\/uploads\/2026\/04\/SAMCLA-El-Prat.png","type":"image\/png"}],"author":"Anna Castejon","twitter_card":"summary_large_image","twitter_misc":{"Escrit per":"Anna Castejon","Temps estimat de lectura":"2 minuts"},"schema":{"@context":"https:\/\/schema.org","@graph":[{"@type":"Article","@id":"https:\/\/samcla.com\/ca\/el-prat-de-llobregat-impulsa-solucions-innovadores-per-al-creixement-i-la-sostenibilitat-del-verd-urba\/#article","isPartOf":{"@id":"https:\/\/samcla.com\/ca\/el-prat-de-llobregat-impulsa-solucions-innovadores-per-al-creixement-i-la-sostenibilitat-del-verd-urba\/"},"author":{"name":"Anna Castejon","@id":"https:\/\/samcla.com\/ca\/#\/schema\/person\/19d4bb58ed43c6b247672b729ce7bbd0"},"headline":"El Prat de LLobregat impulsa solucions innovadores per al creixement i la sostenibilitat del verd urb\u00e0","datePublished":"2026-04-23T09:13:59+00:00","mainEntityOfPage":{"@id":"https:\/\/samcla.com\/ca\/el-prat-de-llobregat-impulsa-solucions-innovadores-per-al-creixement-i-la-sostenibilitat-del-verd-urba\/"},"wordCount":376,"publisher":{"@id":"https:\/\/samcla.com\/ca\/#organization"},"image":{"@id":"https:\/\/samcla.com\/ca\/el-prat-de-llobregat-impulsa-solucions-innovadores-per-al-creixement-i-la-sostenibilitat-del-verd-urba\/#primaryimage"},"thumbnailUrl":"https:\/\/samcla.com\/wp-content\/uploads\/2026\/04\/SAMCLA-El-Prat-de-LLobregat.png","articleSection":["NOT\u00cdCIES","SAMCLA CATALUNYA"],"inLanguage":"ca"},{"@type":"WebPage","@id":"https:\/\/samcla.com\/ca\/el-prat-de-llobregat-impulsa-solucions-innovadores-per-al-creixement-i-la-sostenibilitat-del-verd-urba\/","url":"https:\/\/samcla.com\/ca\/el-prat-de-llobregat-impulsa-solucions-innovadores-per-al-creixement-i-la-sostenibilitat-del-verd-urba\/","name":"El Prat de LLobregat impulsa solucions innovadores per al creixement i la sostenibilitat del verd urb\u00e0 &#8212; Samcla","isPartOf":{"@id":"https:\/\/samcla.com\/ca\/#website"},"primaryImageOfPage":{"@id":"https:\/\/samcla.com\/ca\/el-prat-de-llobregat-impulsa-solucions-innovadores-per-al-creixement-i-la-sostenibilitat-del-verd-urba\/#primaryimage"},"image":{"@id":"https:\/\/samcla.com\/ca\/el-prat-de-llobregat-impulsa-solucions-innovadores-per-al-creixement-i-la-sostenibilitat-del-verd-urba\/#primaryimage"},"thumbnailUrl":"https:\/\/samcla.com\/wp-content\/uploads\/2026\/04\/SAMCLA-El-Prat-de-LLobregat.png","datePublished":"2026-04-23T09:13:59+00:00","breadcrumb":{"@id":"https:\/\/samcla.com\/ca\/el-prat-de-llobregat-impulsa-solucions-innovadores-per-al-creixement-i-la-sostenibilitat-del-verd-urba\/#breadcrumb"},"inLanguage":"ca","potentialAction":[{"@type":"ReadAction","target":["https:\/\/samcla.com\/ca\/el-prat-de-llobregat-impulsa-solucions-innovadores-per-al-creixement-i-la-sostenibilitat-del-verd-urba\/"]}]},{"@type":"ImageObject","inLanguage":"ca","@id":"https:\/\/samcla.com\/ca\/el-prat-de-llobregat-impulsa-solucions-innovadores-per-al-creixement-i-la-sostenibilitat-del-verd-urba\/#primaryimage","url":"https:\/\/samcla.com\/wp-content\/uploads\/2026\/04\/SAMCLA-El-Prat-de-LLobregat.png","contentUrl":"https:\/\/samcla.com\/wp-content\/uploads\/2026\/04\/SAMCLA-El-Prat-de-LLobregat.png","width":2403,"height":1695},{"@type":"BreadcrumbList","@id":"https:\/\/samcla.com\/ca\/el-prat-de-llobregat-impulsa-solucions-innovadores-per-al-creixement-i-la-sostenibilitat-del-verd-urba\/#breadcrumb","itemListElement":[{"@type":"ListItem","position":1,"name":"Portada","item":"https:\/\/samcla.com\/ca\/inici\/"},{"@type":"ListItem","position":2,"name":"El Prat de LLobregat impulsa solucions innovadores per al creixement i la sostenibilitat del verd urb\u00e0"}]},{"@type":"WebSite","@id":"https:\/\/samcla.com\/ca\/#website","url":"https:\/\/samcla.com\/ca\/","name":"Samcla","description":"Sistema de telegesti\u00f3n para redes de riego","publisher":{"@id":"https:\/\/samcla.com\/ca\/#organization"},"potentialAction":[{"@type":"SearchAction","target":{"@type":"EntryPoint","urlTemplate":"https:\/\/samcla.com\/ca\/?s={search_term_string}"},"query-input":{"@type":"PropertyValueSpecification","valueRequired":true,"valueName":"search_term_string"}}],"inLanguage":"ca"},{"@type":"Organization","@id":"https:\/\/samcla.com\/ca\/#organization","name":"SAMCLA","url":"https:\/\/samcla.com\/ca\/","logo":{"@type":"ImageObject","inLanguage":"ca","@id":"https:\/\/samcla.com\/ca\/#\/schema\/logo\/image\/","url":"https:\/\/samcla.com\/wp-content\/uploads\/2018\/03\/LOGO_SAMCLA_HOME_5.png","contentUrl":"https:\/\/samcla.com\/wp-content\/uploads\/2018\/03\/LOGO_SAMCLA_HOME_5.png","width":"543","height":"200","caption":"SAMCLA"},"image":{"@id":"https:\/\/samcla.com\/ca\/#\/schema\/logo\/image\/"},"sameAs":["http:\/\/samclatelemanagement"]},{"@type":"Person","@id":"https:\/\/samcla.com\/ca\/#\/schema\/person\/19d4bb58ed43c6b247672b729ce7bbd0","name":"Anna Castejon","image":{"@type":"ImageObject","inLanguage":"ca","@id":"https:\/\/secure.gravatar.com\/avatar\/f6873f05ce842b596b76c07705f649a4694e251ef8e2f459adfe84e78da6f60b?s=96&d=mm&r=g","url":"https:\/\/secure.gravatar.com\/avatar\/f6873f05ce842b596b76c07705f649a4694e251ef8e2f459adfe84e78da6f60b?s=96&d=mm&r=g","contentUrl":"https:\/\/secure.gravatar.com\/avatar\/f6873f05ce842b596b76c07705f649a4694e251ef8e2f459adfe84e78da6f60b?s=96&d=mm&r=g","caption":"Anna Castejon"},"url":"https:\/\/samcla.com\/ca\/author\/acastejon\/"}]}},"_links":{"self":[{"href":"https:\/\/samcla.com\/ca\/wp-json\/wp\/v2\/posts\/27888","targetHints":{"allow":["GET"]}}],"collection":[{"href":"https:\/\/samcla.com\/ca\/wp-json\/wp\/v2\/posts"}],"about":[{"href":"https:\/\/samcla.com\/ca\/wp-json\/wp\/v2\/types\/post"}],"author":[{"embeddable":true,"href":"https:\/\/samcla.com\/ca\/wp-json\/wp\/v2\/users\/6"}],"replies":[{"embeddable":true,"href":"https:\/\/samcla.com\/ca\/wp-json\/wp\/v2\/comments?post=27888"}],"version-history":[{"count":1,"href":"https:\/\/samcla.com\/ca\/wp-json\/wp\/v2\/posts\/27888\/revisions"}],"predecessor-version":[{"id":27899,"href":"https:\/\/samcla.com\/ca\/wp-json\/wp\/v2\/posts\/27888\/revisions\/27899"}],"wp:featuredmedia":[{"embeddable":true,"href":"https:\/\/samcla.com\/ca\/wp-json\/wp\/v2\/media\/27896"}],"wp:attachment":[{"href":"https:\/\/samcla.com\/ca\/wp-json\/wp\/v2\/media?parent=27888"}],"wp:term":[{"taxonomy":"category","embeddable":true,"href":"https:\/\/samcla.com\/ca\/wp-json\/wp\/v2\/categories?post=27888"},{"taxonomy":"post_tag","embeddable":true,"href":"https:\/\/samcla.com\/ca\/wp-json\/wp\/v2\/tags?post=27888"}],"curies":[{"name":"wp","href":"https:\/\/api.w.org\/{rel}","templated":true}]}}