{"id":20632,"date":"2023-01-24T11:53:34","date_gmt":"2023-01-24T10:53:34","guid":{"rendered":"https:\/\/samcla.com\/salon-sival-2023-angers\/"},"modified":"2023-01-24T11:54:40","modified_gmt":"2023-01-24T10:54:40","slug":"salon-sival-2023-angers","status":"publish","type":"post","link":"https:\/\/samcla.com\/es\/salon-sival-2023-angers\/","title":{"rendered":"Salon Sival 2023 &#8211; Angers"},"content":{"rendered":"<p>Con 700 expositores presentes y 26.000 visitantes profesionales reunidos cada a\u00f1o en Angers, SIVAL es el \u00fanico sal\u00f3n de Francia que ofrece una completa oferta de equipos y servicios para la producci\u00f3n de cultivos especializados.<\/p>\n<blockquote><p>El emblem\u00e1tico evento tiene un claro enfoque hacia el desarrollo eficiente y sostenible, donde SAMCLA ha podido participar en colaboraci\u00f3n con el socio distribuidor Hydralians Angers.<\/p><\/blockquote>\n<p>Con el apoyo de Destination Angers, el sal\u00f3n apuesta por una pol\u00edtica de gesti\u00f3n responsable de sus actividades. Esta voluntad es plenamente coherente con la pol\u00edtica de transici\u00f3n ecol\u00f3gica del territorio y su entorno natural, y con una visi\u00f3n de mejora continua.<\/p>\n<p>Fuente: <a href=\"https:\/\/www.sival-angers.com\/salon-sival\/en-bref\/\">sival-angers.com<\/a><\/p>\n","protected":false},"excerpt":{"rendered":"<p>Con 700 expositores presentes y 26.000 visitantes profesionales reunidos cada a\u00f1o en Angers, SIVAL es el \u00fanico sal\u00f3n de Francia que ofrece una completa oferta de equipos y servicios para la producci\u00f3n de cultivos especializados. El emblem\u00e1tico evento tiene un claro enfoque hacia el desarrollo eficiente y sostenible, donde SAMCLA ha podido participar en colaboraci\u00f3n [&hellip;]<\/p>\n","protected":false},"author":6,"featured_media":20624,"comment_status":"closed","ping_status":"closed","sticky":false,"template":"","format":"standard","meta":{"footnotes":""},"categories":[75,248],"tags":[],"class_list":["post-20632","post","type-post","status-publish","format-standard","has-post-thumbnail","hentry","category-noticias","category-samcla-internacional-es"],"yoast_head":"<!-- This site is optimized with the Yoast SEO plugin v27.5 - https:\/\/yoast.com\/product\/yoast-seo-wordpress\/ -->\n<title>Salon Sival 2023 - Angers &#8212; Samcla<\/title>\n<meta name=\"robots\" content=\"index, follow, max-snippet:-1, max-image-preview:large, max-video-preview:-1\" \/>\n<link rel=\"canonical\" href=\"https:\/\/samcla.com\/es\/salon-sival-2023-angers\/\" \/>\n<meta property=\"og:locale\" content=\"es_ES\" \/>\n<meta property=\"og:type\" content=\"article\" \/>\n<meta property=\"og:title\" content=\"Salon Sival 2023 - Angers &#8212; Samcla\" \/>\n<meta property=\"og:description\" content=\"Con 700 expositores presentes y 26.000 visitantes profesionales reunidos cada a\u00f1o en Angers, SIVAL es el \u00fanico sal\u00f3n de Francia que ofrece una completa oferta de equipos y servicios para la producci\u00f3n de cultivos especializados. El emblem\u00e1tico evento tiene un claro enfoque hacia el desarrollo eficiente y sostenible, donde SAMCLA ha podido participar en colaboraci\u00f3n [&hellip;]\" \/>\n<meta property=\"og:url\" content=\"https:\/\/samcla.com\/es\/salon-sival-2023-angers\/\" \/>\n<meta property=\"og:site_name\" content=\"Samcla\" \/>\n<meta property=\"article:published_time\" content=\"2023-01-24T10:53:34+00:00\" \/>\n<meta property=\"article:modified_time\" content=\"2023-01-24T10:54:40+00:00\" \/>\n<meta property=\"og:image\" content=\"https:\/\/samcla.com\/wp-content\/uploads\/2023\/01\/Disseny-sense-titol-3.png\" \/>\n\t<meta property=\"og:image:width\" content=\"1200\" \/>\n\t<meta property=\"og:image:height\" content=\"1200\" \/>\n\t<meta property=\"og:image:type\" content=\"image\/png\" \/>\n<meta name=\"author\" content=\"Anna Castejon\" \/>\n<meta name=\"twitter:card\" content=\"summary_large_image\" \/>\n<meta name=\"twitter:label1\" content=\"Escrito por\" \/>\n\t<meta name=\"twitter:data1\" content=\"Anna Castejon\" \/>\n\t<meta name=\"twitter:label2\" content=\"Tiempo de lectura\" \/>\n\t<meta name=\"twitter:data2\" content=\"1 minuto\" \/>\n<script type=\"application\/ld+json\" class=\"yoast-schema-graph\">{\"@context\":\"https:\\\/\\\/schema.org\",\"@graph\":[{\"@type\":\"Article\",\"@id\":\"https:\\\/\\\/samcla.com\\\/es\\\/salon-sival-2023-angers\\\/#article\",\"isPartOf\":{\"@id\":\"https:\\\/\\\/samcla.com\\\/es\\\/salon-sival-2023-angers\\\/\"},\"author\":{\"name\":\"Anna Castejon\",\"@id\":\"https:\\\/\\\/samcla.com\\\/es\\\/#\\\/schema\\\/person\\\/19d4bb58ed43c6b247672b729ce7bbd0\"},\"headline\":\"Salon Sival 2023 &#8211; Angers\",\"datePublished\":\"2023-01-24T10:53:34+00:00\",\"dateModified\":\"2023-01-24T10:54:40+00:00\",\"mainEntityOfPage\":{\"@id\":\"https:\\\/\\\/samcla.com\\\/es\\\/salon-sival-2023-angers\\\/\"},\"wordCount\":120,\"publisher\":{\"@id\":\"https:\\\/\\\/samcla.com\\\/es\\\/#organization\"},\"image\":{\"@id\":\"https:\\\/\\\/samcla.com\\\/es\\\/salon-sival-2023-angers\\\/#primaryimage\"},\"thumbnailUrl\":\"https:\\\/\\\/samcla.com\\\/wp-content\\\/uploads\\\/2023\\\/01\\\/Disseny-sense-titol-3.png\",\"articleSection\":[\"NOTICIAS\",\"SAMCLA INTERNACIONAL\"],\"inLanguage\":\"es\"},{\"@type\":\"WebPage\",\"@id\":\"https:\\\/\\\/samcla.com\\\/es\\\/salon-sival-2023-angers\\\/\",\"url\":\"https:\\\/\\\/samcla.com\\\/es\\\/salon-sival-2023-angers\\\/\",\"name\":\"Salon Sival 2023 - Angers &#8212; Samcla\",\"isPartOf\":{\"@id\":\"https:\\\/\\\/samcla.com\\\/es\\\/#website\"},\"primaryImageOfPage\":{\"@id\":\"https:\\\/\\\/samcla.com\\\/es\\\/salon-sival-2023-angers\\\/#primaryimage\"},\"image\":{\"@id\":\"https:\\\/\\\/samcla.com\\\/es\\\/salon-sival-2023-angers\\\/#primaryimage\"},\"thumbnailUrl\":\"https:\\\/\\\/samcla.com\\\/wp-content\\\/uploads\\\/2023\\\/01\\\/Disseny-sense-titol-3.png\",\"datePublished\":\"2023-01-24T10:53:34+00:00\",\"dateModified\":\"2023-01-24T10:54:40+00:00\",\"breadcrumb\":{\"@id\":\"https:\\\/\\\/samcla.com\\\/es\\\/salon-sival-2023-angers\\\/#breadcrumb\"},\"inLanguage\":\"es\",\"potentialAction\":[{\"@type\":\"ReadAction\",\"target\":[\"https:\\\/\\\/samcla.com\\\/es\\\/salon-sival-2023-angers\\\/\"]}]},{\"@type\":\"ImageObject\",\"inLanguage\":\"es\",\"@id\":\"https:\\\/\\\/samcla.com\\\/es\\\/salon-sival-2023-angers\\\/#primaryimage\",\"url\":\"https:\\\/\\\/samcla.com\\\/wp-content\\\/uploads\\\/2023\\\/01\\\/Disseny-sense-titol-3.png\",\"contentUrl\":\"https:\\\/\\\/samcla.com\\\/wp-content\\\/uploads\\\/2023\\\/01\\\/Disseny-sense-titol-3.png\",\"width\":1200,\"height\":1200},{\"@type\":\"BreadcrumbList\",\"@id\":\"https:\\\/\\\/samcla.com\\\/es\\\/salon-sival-2023-angers\\\/#breadcrumb\",\"itemListElement\":[{\"@type\":\"ListItem\",\"position\":1,\"name\":\"Portada\",\"item\":\"https:\\\/\\\/samcla.com\\\/es\\\/inicio\\\/\"},{\"@type\":\"ListItem\",\"position\":2,\"name\":\"Salon Sival 2023 &#8211; Angers\"}]},{\"@type\":\"WebSite\",\"@id\":\"https:\\\/\\\/samcla.com\\\/es\\\/#website\",\"url\":\"https:\\\/\\\/samcla.com\\\/es\\\/\",\"name\":\"Samcla\",\"description\":\"Sistema de telegesti\u00f3n para redes de riego\",\"publisher\":{\"@id\":\"https:\\\/\\\/samcla.com\\\/es\\\/#organization\"},\"potentialAction\":[{\"@type\":\"SearchAction\",\"target\":{\"@type\":\"EntryPoint\",\"urlTemplate\":\"https:\\\/\\\/samcla.com\\\/es\\\/?s={search_term_string}\"},\"query-input\":{\"@type\":\"PropertyValueSpecification\",\"valueRequired\":true,\"valueName\":\"search_term_string\"}}],\"inLanguage\":\"es\"},{\"@type\":\"Organization\",\"@id\":\"https:\\\/\\\/samcla.com\\\/es\\\/#organization\",\"name\":\"SAMCLA\",\"url\":\"https:\\\/\\\/samcla.com\\\/es\\\/\",\"logo\":{\"@type\":\"ImageObject\",\"inLanguage\":\"es\",\"@id\":\"https:\\\/\\\/samcla.com\\\/es\\\/#\\\/schema\\\/logo\\\/image\\\/\",\"url\":\"https:\\\/\\\/samcla.com\\\/wp-content\\\/uploads\\\/2018\\\/03\\\/LOGO_SAMCLA_HOME_5.png\",\"contentUrl\":\"https:\\\/\\\/samcla.com\\\/wp-content\\\/uploads\\\/2018\\\/03\\\/LOGO_SAMCLA_HOME_5.png\",\"width\":\"543\",\"height\":\"200\",\"caption\":\"SAMCLA\"},\"image\":{\"@id\":\"https:\\\/\\\/samcla.com\\\/es\\\/#\\\/schema\\\/logo\\\/image\\\/\"},\"sameAs\":[\"http:\\\/\\\/samclatelemanagement\"]},{\"@type\":\"Person\",\"@id\":\"https:\\\/\\\/samcla.com\\\/es\\\/#\\\/schema\\\/person\\\/19d4bb58ed43c6b247672b729ce7bbd0\",\"name\":\"Anna Castejon\",\"image\":{\"@type\":\"ImageObject\",\"inLanguage\":\"es\",\"@id\":\"https:\\\/\\\/secure.gravatar.com\\\/avatar\\\/f6873f05ce842b596b76c07705f649a4694e251ef8e2f459adfe84e78da6f60b?s=96&d=mm&r=g\",\"url\":\"https:\\\/\\\/secure.gravatar.com\\\/avatar\\\/f6873f05ce842b596b76c07705f649a4694e251ef8e2f459adfe84e78da6f60b?s=96&d=mm&r=g\",\"contentUrl\":\"https:\\\/\\\/secure.gravatar.com\\\/avatar\\\/f6873f05ce842b596b76c07705f649a4694e251ef8e2f459adfe84e78da6f60b?s=96&d=mm&r=g\",\"caption\":\"Anna Castejon\"},\"url\":\"https:\\\/\\\/samcla.com\\\/es\\\/author\\\/acastejon\\\/\"}]}<\/script>\n<!-- \/ Yoast SEO plugin. -->","yoast_head_json":{"title":"Salon Sival 2023 - Angers &#8212; Samcla","robots":{"index":"index","follow":"follow","max-snippet":"max-snippet:-1","max-image-preview":"max-image-preview:large","max-video-preview":"max-video-preview:-1"},"canonical":"https:\/\/samcla.com\/es\/salon-sival-2023-angers\/","og_locale":"es_ES","og_type":"article","og_title":"Salon Sival 2023 - Angers &#8212; Samcla","og_description":"Con 700 expositores presentes y 26.000 visitantes profesionales reunidos cada a\u00f1o en Angers, SIVAL es el \u00fanico sal\u00f3n de Francia que ofrece una completa oferta de equipos y servicios para la producci\u00f3n de cultivos especializados. El emblem\u00e1tico evento tiene un claro enfoque hacia el desarrollo eficiente y sostenible, donde SAMCLA ha podido participar en colaboraci\u00f3n [&hellip;]","og_url":"https:\/\/samcla.com\/es\/salon-sival-2023-angers\/","og_site_name":"Samcla","article_published_time":"2023-01-24T10:53:34+00:00","article_modified_time":"2023-01-24T10:54:40+00:00","og_image":[{"width":1200,"height":1200,"url":"https:\/\/samcla.com\/wp-content\/uploads\/2023\/01\/Disseny-sense-titol-3.png","type":"image\/png"}],"author":"Anna Castejon","twitter_card":"summary_large_image","twitter_misc":{"Escrito por":"Anna Castejon","Tiempo de lectura":"1 minuto"},"schema":{"@context":"https:\/\/schema.org","@graph":[{"@type":"Article","@id":"https:\/\/samcla.com\/es\/salon-sival-2023-angers\/#article","isPartOf":{"@id":"https:\/\/samcla.com\/es\/salon-sival-2023-angers\/"},"author":{"name":"Anna Castejon","@id":"https:\/\/samcla.com\/es\/#\/schema\/person\/19d4bb58ed43c6b247672b729ce7bbd0"},"headline":"Salon Sival 2023 &#8211; Angers","datePublished":"2023-01-24T10:53:34+00:00","dateModified":"2023-01-24T10:54:40+00:00","mainEntityOfPage":{"@id":"https:\/\/samcla.com\/es\/salon-sival-2023-angers\/"},"wordCount":120,"publisher":{"@id":"https:\/\/samcla.com\/es\/#organization"},"image":{"@id":"https:\/\/samcla.com\/es\/salon-sival-2023-angers\/#primaryimage"},"thumbnailUrl":"https:\/\/samcla.com\/wp-content\/uploads\/2023\/01\/Disseny-sense-titol-3.png","articleSection":["NOTICIAS","SAMCLA INTERNACIONAL"],"inLanguage":"es"},{"@type":"WebPage","@id":"https:\/\/samcla.com\/es\/salon-sival-2023-angers\/","url":"https:\/\/samcla.com\/es\/salon-sival-2023-angers\/","name":"Salon Sival 2023 - Angers &#8212; Samcla","isPartOf":{"@id":"https:\/\/samcla.com\/es\/#website"},"primaryImageOfPage":{"@id":"https:\/\/samcla.com\/es\/salon-sival-2023-angers\/#primaryimage"},"image":{"@id":"https:\/\/samcla.com\/es\/salon-sival-2023-angers\/#primaryimage"},"thumbnailUrl":"https:\/\/samcla.com\/wp-content\/uploads\/2023\/01\/Disseny-sense-titol-3.png","datePublished":"2023-01-24T10:53:34+00:00","dateModified":"2023-01-24T10:54:40+00:00","breadcrumb":{"@id":"https:\/\/samcla.com\/es\/salon-sival-2023-angers\/#breadcrumb"},"inLanguage":"es","potentialAction":[{"@type":"ReadAction","target":["https:\/\/samcla.com\/es\/salon-sival-2023-angers\/"]}]},{"@type":"ImageObject","inLanguage":"es","@id":"https:\/\/samcla.com\/es\/salon-sival-2023-angers\/#primaryimage","url":"https:\/\/samcla.com\/wp-content\/uploads\/2023\/01\/Disseny-sense-titol-3.png","contentUrl":"https:\/\/samcla.com\/wp-content\/uploads\/2023\/01\/Disseny-sense-titol-3.png","width":1200,"height":1200},{"@type":"BreadcrumbList","@id":"https:\/\/samcla.com\/es\/salon-sival-2023-angers\/#breadcrumb","itemListElement":[{"@type":"ListItem","position":1,"name":"Portada","item":"https:\/\/samcla.com\/es\/inicio\/"},{"@type":"ListItem","position":2,"name":"Salon Sival 2023 &#8211; Angers"}]},{"@type":"WebSite","@id":"https:\/\/samcla.com\/es\/#website","url":"https:\/\/samcla.com\/es\/","name":"Samcla","description":"Sistema de telegesti\u00f3n para redes de riego","publisher":{"@id":"https:\/\/samcla.com\/es\/#organization"},"potentialAction":[{"@type":"SearchAction","target":{"@type":"EntryPoint","urlTemplate":"https:\/\/samcla.com\/es\/?s={search_term_string}"},"query-input":{"@type":"PropertyValueSpecification","valueRequired":true,"valueName":"search_term_string"}}],"inLanguage":"es"},{"@type":"Organization","@id":"https:\/\/samcla.com\/es\/#organization","name":"SAMCLA","url":"https:\/\/samcla.com\/es\/","logo":{"@type":"ImageObject","inLanguage":"es","@id":"https:\/\/samcla.com\/es\/#\/schema\/logo\/image\/","url":"https:\/\/samcla.com\/wp-content\/uploads\/2018\/03\/LOGO_SAMCLA_HOME_5.png","contentUrl":"https:\/\/samcla.com\/wp-content\/uploads\/2018\/03\/LOGO_SAMCLA_HOME_5.png","width":"543","height":"200","caption":"SAMCLA"},"image":{"@id":"https:\/\/samcla.com\/es\/#\/schema\/logo\/image\/"},"sameAs":["http:\/\/samclatelemanagement"]},{"@type":"Person","@id":"https:\/\/samcla.com\/es\/#\/schema\/person\/19d4bb58ed43c6b247672b729ce7bbd0","name":"Anna Castejon","image":{"@type":"ImageObject","inLanguage":"es","@id":"https:\/\/secure.gravatar.com\/avatar\/f6873f05ce842b596b76c07705f649a4694e251ef8e2f459adfe84e78da6f60b?s=96&d=mm&r=g","url":"https:\/\/secure.gravatar.com\/avatar\/f6873f05ce842b596b76c07705f649a4694e251ef8e2f459adfe84e78da6f60b?s=96&d=mm&r=g","contentUrl":"https:\/\/secure.gravatar.com\/avatar\/f6873f05ce842b596b76c07705f649a4694e251ef8e2f459adfe84e78da6f60b?s=96&d=mm&r=g","caption":"Anna Castejon"},"url":"https:\/\/samcla.com\/es\/author\/acastejon\/"}]}},"_links":{"self":[{"href":"https:\/\/samcla.com\/es\/wp-json\/wp\/v2\/posts\/20632","targetHints":{"allow":["GET"]}}],"collection":[{"href":"https:\/\/samcla.com\/es\/wp-json\/wp\/v2\/posts"}],"about":[{"href":"https:\/\/samcla.com\/es\/wp-json\/wp\/v2\/types\/post"}],"author":[{"embeddable":true,"href":"https:\/\/samcla.com\/es\/wp-json\/wp\/v2\/users\/6"}],"replies":[{"embeddable":true,"href":"https:\/\/samcla.com\/es\/wp-json\/wp\/v2\/comments?post=20632"}],"version-history":[{"count":0,"href":"https:\/\/samcla.com\/es\/wp-json\/wp\/v2\/posts\/20632\/revisions"}],"wp:featuredmedia":[{"embeddable":true,"href":"https:\/\/samcla.com\/es\/wp-json\/wp\/v2\/media\/20624"}],"wp:attachment":[{"href":"https:\/\/samcla.com\/es\/wp-json\/wp\/v2\/media?parent=20632"}],"wp:term":[{"taxonomy":"category","embeddable":true,"href":"https:\/\/samcla.com\/es\/wp-json\/wp\/v2\/categories?post=20632"},{"taxonomy":"post_tag","embeddable":true,"href":"https:\/\/samcla.com\/es\/wp-json\/wp\/v2\/tags?post=20632"}],"curies":[{"name":"wp","href":"https:\/\/api.w.org\/{rel}","templated":true}]}}