{"id":22082,"date":"2023-05-22T14:00:28","date_gmt":"2023-05-22T12:00:28","guid":{"rendered":"https:\/\/samcla.com\/samcla-pasa-a-formar-parte-del-grupo-scarabelli\/"},"modified":"2023-05-29T14:30:44","modified_gmt":"2023-05-29T12:30:44","slug":"samcla-pasa-a-formar-parte-del-grupo-scarabelli","status":"publish","type":"post","link":"https:\/\/samcla.com\/es\/samcla-pasa-a-formar-parte-del-grupo-scarabelli\/","title":{"rendered":"SAMCLA PASA A FORMAR PARTE DEL GRUPO SCARABELLI"},"content":{"rendered":"<p>Es un placer poder anunciar que desde hoy la compa\u00f1\u00eda SAMCLA pasa a formar parte del Grupo Scarabelli.<\/p>\n<blockquote><p>Despu\u00e9s de 20 a\u00f1os de trayectoria, pensamos que esta es la mejor decisi\u00f3n <strong>para dar a nuestra marca el impulso que se merece<\/strong> y que el mercado y nuestros clientes exigen.<\/p><\/blockquote>\n<p>Lo hacemos <strong>de la mano de una compa\u00f1\u00eda l\u00edder<\/strong> en la distribuci\u00f3n de productos de riego en el mercado italiano, con 50 a\u00f1os de historia, con quien SAMCLA colabora desde hace ya casi 10 a\u00f1os y con quien compartimos una vocaci\u00f3n de servicio innegociable.<\/p>\n<p>Manel Claus y Jordi Samon, socios fundadores de SAMCLA, continuar\u00e1n liderando este proyecto con la m\u00e1xima ambici\u00f3n, como siempre, <strong>para hacer llegar nuestros productos a nuevos mercados, mejorar nuestra oferta y, sobre todo, garantizar la calidad y el servicio<\/strong> que un producto de Telegesti\u00f3n exige. Querr\u00edamos aprovechar este momento para agradecer a todos nuestros clientes, colaboradores y seguidores, la confianza de todos estos a\u00f1os, sin la cual SAMCLA no ser\u00eda lo que es y sin la cual este proyecto de futuro no ser\u00eda posible. Esperamos pues seguir contando con vuestra confianza en esta nueva y emocionante etapa que acaba de comenzar.<\/p>\n<p>\u00a1Seguimos!<\/p>\n","protected":false},"excerpt":{"rendered":"<p>Es un placer poder anunciar que desde hoy la compa\u00f1\u00eda SAMCLA pasa a formar parte del Grupo Scarabelli. Despu\u00e9s de 20 a\u00f1os de trayectoria, pensamos que esta es la mejor decisi\u00f3n para dar a nuestra marca el impulso que se merece y que el mercado y nuestros clientes exigen. Lo hacemos de la mano de [&hellip;]<\/p>\n","protected":false},"author":6,"featured_media":22174,"comment_status":"closed","ping_status":"closed","sticky":false,"template":"","format":"standard","meta":{"footnotes":""},"categories":[75,248],"tags":[],"class_list":["post-22082","post","type-post","status-publish","format-standard","has-post-thumbnail","hentry","category-noticias","category-samcla-internacional-es"],"yoast_head":"<!-- This site is optimized with the Yoast SEO plugin v27.5 - https:\/\/yoast.com\/product\/yoast-seo-wordpress\/ -->\n<title>SAMCLA PASA A FORMAR PARTE DEL GRUPO SCARABELLI &#8212; Samcla<\/title>\n<meta name=\"robots\" content=\"index, follow, max-snippet:-1, max-image-preview:large, max-video-preview:-1\" \/>\n<link rel=\"canonical\" href=\"https:\/\/samcla.com\/es\/samcla-pasa-a-formar-parte-del-grupo-scarabelli\/\" \/>\n<meta property=\"og:locale\" content=\"es_ES\" \/>\n<meta property=\"og:type\" content=\"article\" \/>\n<meta property=\"og:title\" content=\"SAMCLA PASA A FORMAR PARTE DEL GRUPO SCARABELLI &#8212; Samcla\" \/>\n<meta property=\"og:description\" content=\"Es un placer poder anunciar que desde hoy la compa\u00f1\u00eda SAMCLA pasa a formar parte del Grupo Scarabelli. Despu\u00e9s de 20 a\u00f1os de trayectoria, pensamos que esta es la mejor decisi\u00f3n para dar a nuestra marca el impulso que se merece y que el mercado y nuestros clientes exigen. Lo hacemos de la mano de [&hellip;]\" \/>\n<meta property=\"og:url\" content=\"https:\/\/samcla.com\/es\/samcla-pasa-a-formar-parte-del-grupo-scarabelli\/\" \/>\n<meta property=\"og:site_name\" content=\"Samcla\" \/>\n<meta property=\"article:published_time\" content=\"2023-05-22T12:00:28+00:00\" \/>\n<meta property=\"article:modified_time\" content=\"2023-05-29T12:30:44+00:00\" \/>\n<meta property=\"og:image\" content=\"https:\/\/samcla.com\/wp-content\/uploads\/2023\/05\/COMUNICAT-9.png\" \/>\n\t<meta property=\"og:image:width\" content=\"1200\" \/>\n\t<meta property=\"og:image:height\" content=\"1200\" \/>\n\t<meta property=\"og:image:type\" content=\"image\/png\" \/>\n<meta name=\"author\" content=\"Anna Castejon\" \/>\n<meta name=\"twitter:card\" content=\"summary_large_image\" \/>\n<meta name=\"twitter:label1\" content=\"Escrito por\" \/>\n\t<meta name=\"twitter:data1\" content=\"Anna Castejon\" \/>\n\t<meta name=\"twitter:label2\" content=\"Tiempo de lectura\" \/>\n\t<meta name=\"twitter:data2\" content=\"2 minutos\" \/>\n<script type=\"application\/ld+json\" class=\"yoast-schema-graph\">{\"@context\":\"https:\\\/\\\/schema.org\",\"@graph\":[{\"@type\":\"Article\",\"@id\":\"https:\\\/\\\/samcla.com\\\/es\\\/samcla-pasa-a-formar-parte-del-grupo-scarabelli\\\/#article\",\"isPartOf\":{\"@id\":\"https:\\\/\\\/samcla.com\\\/es\\\/samcla-pasa-a-formar-parte-del-grupo-scarabelli\\\/\"},\"author\":{\"name\":\"Anna Castejon\",\"@id\":\"https:\\\/\\\/samcla.com\\\/es\\\/#\\\/schema\\\/person\\\/19d4bb58ed43c6b247672b729ce7bbd0\"},\"headline\":\"SAMCLA PASA A FORMAR PARTE DEL GRUPO SCARABELLI\",\"datePublished\":\"2023-05-22T12:00:28+00:00\",\"dateModified\":\"2023-05-29T12:30:44+00:00\",\"mainEntityOfPage\":{\"@id\":\"https:\\\/\\\/samcla.com\\\/es\\\/samcla-pasa-a-formar-parte-del-grupo-scarabelli\\\/\"},\"wordCount\":218,\"publisher\":{\"@id\":\"https:\\\/\\\/samcla.com\\\/es\\\/#organization\"},\"image\":{\"@id\":\"https:\\\/\\\/samcla.com\\\/es\\\/samcla-pasa-a-formar-parte-del-grupo-scarabelli\\\/#primaryimage\"},\"thumbnailUrl\":\"https:\\\/\\\/samcla.com\\\/wp-content\\\/uploads\\\/2023\\\/05\\\/COMUNICAT-9.png\",\"articleSection\":[\"NOTICIAS\",\"SAMCLA INTERNACIONAL\"],\"inLanguage\":\"es\"},{\"@type\":\"WebPage\",\"@id\":\"https:\\\/\\\/samcla.com\\\/es\\\/samcla-pasa-a-formar-parte-del-grupo-scarabelli\\\/\",\"url\":\"https:\\\/\\\/samcla.com\\\/es\\\/samcla-pasa-a-formar-parte-del-grupo-scarabelli\\\/\",\"name\":\"SAMCLA PASA A FORMAR PARTE DEL GRUPO SCARABELLI &#8212; Samcla\",\"isPartOf\":{\"@id\":\"https:\\\/\\\/samcla.com\\\/es\\\/#website\"},\"primaryImageOfPage\":{\"@id\":\"https:\\\/\\\/samcla.com\\\/es\\\/samcla-pasa-a-formar-parte-del-grupo-scarabelli\\\/#primaryimage\"},\"image\":{\"@id\":\"https:\\\/\\\/samcla.com\\\/es\\\/samcla-pasa-a-formar-parte-del-grupo-scarabelli\\\/#primaryimage\"},\"thumbnailUrl\":\"https:\\\/\\\/samcla.com\\\/wp-content\\\/uploads\\\/2023\\\/05\\\/COMUNICAT-9.png\",\"datePublished\":\"2023-05-22T12:00:28+00:00\",\"dateModified\":\"2023-05-29T12:30:44+00:00\",\"breadcrumb\":{\"@id\":\"https:\\\/\\\/samcla.com\\\/es\\\/samcla-pasa-a-formar-parte-del-grupo-scarabelli\\\/#breadcrumb\"},\"inLanguage\":\"es\",\"potentialAction\":[{\"@type\":\"ReadAction\",\"target\":[\"https:\\\/\\\/samcla.com\\\/es\\\/samcla-pasa-a-formar-parte-del-grupo-scarabelli\\\/\"]}]},{\"@type\":\"ImageObject\",\"inLanguage\":\"es\",\"@id\":\"https:\\\/\\\/samcla.com\\\/es\\\/samcla-pasa-a-formar-parte-del-grupo-scarabelli\\\/#primaryimage\",\"url\":\"https:\\\/\\\/samcla.com\\\/wp-content\\\/uploads\\\/2023\\\/05\\\/COMUNICAT-9.png\",\"contentUrl\":\"https:\\\/\\\/samcla.com\\\/wp-content\\\/uploads\\\/2023\\\/05\\\/COMUNICAT-9.png\",\"width\":1200,\"height\":1200},{\"@type\":\"BreadcrumbList\",\"@id\":\"https:\\\/\\\/samcla.com\\\/es\\\/samcla-pasa-a-formar-parte-del-grupo-scarabelli\\\/#breadcrumb\",\"itemListElement\":[{\"@type\":\"ListItem\",\"position\":1,\"name\":\"Portada\",\"item\":\"https:\\\/\\\/samcla.com\\\/es\\\/inicio\\\/\"},{\"@type\":\"ListItem\",\"position\":2,\"name\":\"SAMCLA PASA A FORMAR PARTE DEL GRUPO SCARABELLI\"}]},{\"@type\":\"WebSite\",\"@id\":\"https:\\\/\\\/samcla.com\\\/es\\\/#website\",\"url\":\"https:\\\/\\\/samcla.com\\\/es\\\/\",\"name\":\"Samcla\",\"description\":\"Sistema de telegesti\u00f3n para redes de riego\",\"publisher\":{\"@id\":\"https:\\\/\\\/samcla.com\\\/es\\\/#organization\"},\"potentialAction\":[{\"@type\":\"SearchAction\",\"target\":{\"@type\":\"EntryPoint\",\"urlTemplate\":\"https:\\\/\\\/samcla.com\\\/es\\\/?s={search_term_string}\"},\"query-input\":{\"@type\":\"PropertyValueSpecification\",\"valueRequired\":true,\"valueName\":\"search_term_string\"}}],\"inLanguage\":\"es\"},{\"@type\":\"Organization\",\"@id\":\"https:\\\/\\\/samcla.com\\\/es\\\/#organization\",\"name\":\"SAMCLA\",\"url\":\"https:\\\/\\\/samcla.com\\\/es\\\/\",\"logo\":{\"@type\":\"ImageObject\",\"inLanguage\":\"es\",\"@id\":\"https:\\\/\\\/samcla.com\\\/es\\\/#\\\/schema\\\/logo\\\/image\\\/\",\"url\":\"https:\\\/\\\/samcla.com\\\/wp-content\\\/uploads\\\/2018\\\/03\\\/LOGO_SAMCLA_HOME_5.png\",\"contentUrl\":\"https:\\\/\\\/samcla.com\\\/wp-content\\\/uploads\\\/2018\\\/03\\\/LOGO_SAMCLA_HOME_5.png\",\"width\":\"543\",\"height\":\"200\",\"caption\":\"SAMCLA\"},\"image\":{\"@id\":\"https:\\\/\\\/samcla.com\\\/es\\\/#\\\/schema\\\/logo\\\/image\\\/\"},\"sameAs\":[\"http:\\\/\\\/samclatelemanagement\"]},{\"@type\":\"Person\",\"@id\":\"https:\\\/\\\/samcla.com\\\/es\\\/#\\\/schema\\\/person\\\/19d4bb58ed43c6b247672b729ce7bbd0\",\"name\":\"Anna Castejon\",\"image\":{\"@type\":\"ImageObject\",\"inLanguage\":\"es\",\"@id\":\"https:\\\/\\\/secure.gravatar.com\\\/avatar\\\/f6873f05ce842b596b76c07705f649a4694e251ef8e2f459adfe84e78da6f60b?s=96&d=mm&r=g\",\"url\":\"https:\\\/\\\/secure.gravatar.com\\\/avatar\\\/f6873f05ce842b596b76c07705f649a4694e251ef8e2f459adfe84e78da6f60b?s=96&d=mm&r=g\",\"contentUrl\":\"https:\\\/\\\/secure.gravatar.com\\\/avatar\\\/f6873f05ce842b596b76c07705f649a4694e251ef8e2f459adfe84e78da6f60b?s=96&d=mm&r=g\",\"caption\":\"Anna Castejon\"},\"url\":\"https:\\\/\\\/samcla.com\\\/es\\\/author\\\/acastejon\\\/\"}]}<\/script>\n<!-- \/ Yoast SEO plugin. -->","yoast_head_json":{"title":"SAMCLA PASA A FORMAR PARTE DEL GRUPO SCARABELLI &#8212; Samcla","robots":{"index":"index","follow":"follow","max-snippet":"max-snippet:-1","max-image-preview":"max-image-preview:large","max-video-preview":"max-video-preview:-1"},"canonical":"https:\/\/samcla.com\/es\/samcla-pasa-a-formar-parte-del-grupo-scarabelli\/","og_locale":"es_ES","og_type":"article","og_title":"SAMCLA PASA A FORMAR PARTE DEL GRUPO SCARABELLI &#8212; Samcla","og_description":"Es un placer poder anunciar que desde hoy la compa\u00f1\u00eda SAMCLA pasa a formar parte del Grupo Scarabelli. Despu\u00e9s de 20 a\u00f1os de trayectoria, pensamos que esta es la mejor decisi\u00f3n para dar a nuestra marca el impulso que se merece y que el mercado y nuestros clientes exigen. Lo hacemos de la mano de [&hellip;]","og_url":"https:\/\/samcla.com\/es\/samcla-pasa-a-formar-parte-del-grupo-scarabelli\/","og_site_name":"Samcla","article_published_time":"2023-05-22T12:00:28+00:00","article_modified_time":"2023-05-29T12:30:44+00:00","og_image":[{"width":1200,"height":1200,"url":"https:\/\/samcla.com\/wp-content\/uploads\/2023\/05\/COMUNICAT-9.png","type":"image\/png"}],"author":"Anna Castejon","twitter_card":"summary_large_image","twitter_misc":{"Escrito por":"Anna Castejon","Tiempo de lectura":"2 minutos"},"schema":{"@context":"https:\/\/schema.org","@graph":[{"@type":"Article","@id":"https:\/\/samcla.com\/es\/samcla-pasa-a-formar-parte-del-grupo-scarabelli\/#article","isPartOf":{"@id":"https:\/\/samcla.com\/es\/samcla-pasa-a-formar-parte-del-grupo-scarabelli\/"},"author":{"name":"Anna Castejon","@id":"https:\/\/samcla.com\/es\/#\/schema\/person\/19d4bb58ed43c6b247672b729ce7bbd0"},"headline":"SAMCLA PASA A FORMAR PARTE DEL GRUPO SCARABELLI","datePublished":"2023-05-22T12:00:28+00:00","dateModified":"2023-05-29T12:30:44+00:00","mainEntityOfPage":{"@id":"https:\/\/samcla.com\/es\/samcla-pasa-a-formar-parte-del-grupo-scarabelli\/"},"wordCount":218,"publisher":{"@id":"https:\/\/samcla.com\/es\/#organization"},"image":{"@id":"https:\/\/samcla.com\/es\/samcla-pasa-a-formar-parte-del-grupo-scarabelli\/#primaryimage"},"thumbnailUrl":"https:\/\/samcla.com\/wp-content\/uploads\/2023\/05\/COMUNICAT-9.png","articleSection":["NOTICIAS","SAMCLA INTERNACIONAL"],"inLanguage":"es"},{"@type":"WebPage","@id":"https:\/\/samcla.com\/es\/samcla-pasa-a-formar-parte-del-grupo-scarabelli\/","url":"https:\/\/samcla.com\/es\/samcla-pasa-a-formar-parte-del-grupo-scarabelli\/","name":"SAMCLA PASA A FORMAR PARTE DEL GRUPO SCARABELLI &#8212; Samcla","isPartOf":{"@id":"https:\/\/samcla.com\/es\/#website"},"primaryImageOfPage":{"@id":"https:\/\/samcla.com\/es\/samcla-pasa-a-formar-parte-del-grupo-scarabelli\/#primaryimage"},"image":{"@id":"https:\/\/samcla.com\/es\/samcla-pasa-a-formar-parte-del-grupo-scarabelli\/#primaryimage"},"thumbnailUrl":"https:\/\/samcla.com\/wp-content\/uploads\/2023\/05\/COMUNICAT-9.png","datePublished":"2023-05-22T12:00:28+00:00","dateModified":"2023-05-29T12:30:44+00:00","breadcrumb":{"@id":"https:\/\/samcla.com\/es\/samcla-pasa-a-formar-parte-del-grupo-scarabelli\/#breadcrumb"},"inLanguage":"es","potentialAction":[{"@type":"ReadAction","target":["https:\/\/samcla.com\/es\/samcla-pasa-a-formar-parte-del-grupo-scarabelli\/"]}]},{"@type":"ImageObject","inLanguage":"es","@id":"https:\/\/samcla.com\/es\/samcla-pasa-a-formar-parte-del-grupo-scarabelli\/#primaryimage","url":"https:\/\/samcla.com\/wp-content\/uploads\/2023\/05\/COMUNICAT-9.png","contentUrl":"https:\/\/samcla.com\/wp-content\/uploads\/2023\/05\/COMUNICAT-9.png","width":1200,"height":1200},{"@type":"BreadcrumbList","@id":"https:\/\/samcla.com\/es\/samcla-pasa-a-formar-parte-del-grupo-scarabelli\/#breadcrumb","itemListElement":[{"@type":"ListItem","position":1,"name":"Portada","item":"https:\/\/samcla.com\/es\/inicio\/"},{"@type":"ListItem","position":2,"name":"SAMCLA PASA A FORMAR PARTE DEL GRUPO SCARABELLI"}]},{"@type":"WebSite","@id":"https:\/\/samcla.com\/es\/#website","url":"https:\/\/samcla.com\/es\/","name":"Samcla","description":"Sistema de telegesti\u00f3n para redes de riego","publisher":{"@id":"https:\/\/samcla.com\/es\/#organization"},"potentialAction":[{"@type":"SearchAction","target":{"@type":"EntryPoint","urlTemplate":"https:\/\/samcla.com\/es\/?s={search_term_string}"},"query-input":{"@type":"PropertyValueSpecification","valueRequired":true,"valueName":"search_term_string"}}],"inLanguage":"es"},{"@type":"Organization","@id":"https:\/\/samcla.com\/es\/#organization","name":"SAMCLA","url":"https:\/\/samcla.com\/es\/","logo":{"@type":"ImageObject","inLanguage":"es","@id":"https:\/\/samcla.com\/es\/#\/schema\/logo\/image\/","url":"https:\/\/samcla.com\/wp-content\/uploads\/2018\/03\/LOGO_SAMCLA_HOME_5.png","contentUrl":"https:\/\/samcla.com\/wp-content\/uploads\/2018\/03\/LOGO_SAMCLA_HOME_5.png","width":"543","height":"200","caption":"SAMCLA"},"image":{"@id":"https:\/\/samcla.com\/es\/#\/schema\/logo\/image\/"},"sameAs":["http:\/\/samclatelemanagement"]},{"@type":"Person","@id":"https:\/\/samcla.com\/es\/#\/schema\/person\/19d4bb58ed43c6b247672b729ce7bbd0","name":"Anna Castejon","image":{"@type":"ImageObject","inLanguage":"es","@id":"https:\/\/secure.gravatar.com\/avatar\/f6873f05ce842b596b76c07705f649a4694e251ef8e2f459adfe84e78da6f60b?s=96&d=mm&r=g","url":"https:\/\/secure.gravatar.com\/avatar\/f6873f05ce842b596b76c07705f649a4694e251ef8e2f459adfe84e78da6f60b?s=96&d=mm&r=g","contentUrl":"https:\/\/secure.gravatar.com\/avatar\/f6873f05ce842b596b76c07705f649a4694e251ef8e2f459adfe84e78da6f60b?s=96&d=mm&r=g","caption":"Anna Castejon"},"url":"https:\/\/samcla.com\/es\/author\/acastejon\/"}]}},"_links":{"self":[{"href":"https:\/\/samcla.com\/es\/wp-json\/wp\/v2\/posts\/22082","targetHints":{"allow":["GET"]}}],"collection":[{"href":"https:\/\/samcla.com\/es\/wp-json\/wp\/v2\/posts"}],"about":[{"href":"https:\/\/samcla.com\/es\/wp-json\/wp\/v2\/types\/post"}],"author":[{"embeddable":true,"href":"https:\/\/samcla.com\/es\/wp-json\/wp\/v2\/users\/6"}],"replies":[{"embeddable":true,"href":"https:\/\/samcla.com\/es\/wp-json\/wp\/v2\/comments?post=22082"}],"version-history":[{"count":0,"href":"https:\/\/samcla.com\/es\/wp-json\/wp\/v2\/posts\/22082\/revisions"}],"wp:featuredmedia":[{"embeddable":true,"href":"https:\/\/samcla.com\/es\/wp-json\/wp\/v2\/media\/22174"}],"wp:attachment":[{"href":"https:\/\/samcla.com\/es\/wp-json\/wp\/v2\/media?parent=22082"}],"wp:term":[{"taxonomy":"category","embeddable":true,"href":"https:\/\/samcla.com\/es\/wp-json\/wp\/v2\/categories?post=22082"},{"taxonomy":"post_tag","embeddable":true,"href":"https:\/\/samcla.com\/es\/wp-json\/wp\/v2\/tags?post=22082"}],"curies":[{"name":"wp","href":"https:\/\/api.w.org\/{rel}","templated":true}]}}