{"id":4527,"date":"2018-03-02T12:37:23","date_gmt":"2018-03-02T11:37:23","guid":{"rendered":"http:\/\/www.samcla.com\/?p=4527"},"modified":"2022-01-13T13:23:37","modified_gmt":"2022-01-13T12:23:37","slug":"ayuntamiento-bilbao-instala-sistema-telegestion-samcla-scr-control-los-parques-jardines-la-ciudad","status":"publish","type":"post","link":"https:\/\/samcla.com\/es\/ayuntamiento-bilbao-instala-sistema-telegestion-samcla-scr-control-los-parques-jardines-la-ciudad\/","title":{"rendered":"El Ayuntamiento de Bilbao instala el Sistema de Telegesti\u00f3n SamclaCity-Water para el control de los parques y jardines de la ciudad"},"content":{"rendered":"<p>El Ayuntamiento de Bilbao ha instalado el Sistema de Telegesti\u00f3n SamclaCity-Water\u00a0para controlar, v\u00eda Internet, los m\u00e1s de 1.200 programadores que forman la red de riego de los parques y jardines de la ciudad.<\/p>\n<blockquote><p>Con la instalaci\u00f3n de este sistema de telegesti\u00f3n, adem\u00e1s del <strong>gran ahorro en el consumo de agua<\/strong> (m\u00e1s del 35% seg\u00fan datos aportados por responsables municipales).<\/p><\/blockquote>\n<p><!--more--><\/p>\n<p>Adem\u00e1s, la empresa de mantenimiento UTE Espacios Verdes Bilbao obtendr\u00e1 un importante ahorro de tiempo y gesti\u00f3n para el control de la red de programadores. Esta gesti\u00f3n remota de los programadores se complementa con la instalaci\u00f3n de equipos de telelectura de contadores de agua que permiten la <strong>detecci\u00f3n de fugas y consumos indebidos<\/strong>, con <strong>corte autom\u00e1tico<\/strong> de agua, en cualquiera de las zonas verdes de la ciudad.<\/p>\n<div class='avia-iframe-wrap'><iframe loading=\"lazy\" title=\"V\u00eddeo TV BILBAO\" width=\"1333\" height=\"1000\" src=\"https:\/\/www.youtube.com\/embed\/vHrTskvfyMM?feature=oembed\" frameborder=\"0\" allow=\"accelerometer; autoplay; clipboard-write; encrypted-media; gyroscope; picture-in-picture\" allowfullscreen><\/iframe><\/div>\n","protected":false},"excerpt":{"rendered":"<p>El Ayuntamiento de Bilbao ha instalado el Sistema de Telegesti\u00f3n SamclaCity-Water\u00a0para controlar, v\u00eda Internet, los m\u00e1s de 1.200 programadores que forman la red de riego de los parques y jardines de la ciudad. Con la instalaci\u00f3n de este sistema de telegesti\u00f3n, adem\u00e1s del gran ahorro en el consumo de agua (m\u00e1s del 35% seg\u00fan datos [&hellip;]<\/p>\n","protected":false},"author":2,"featured_media":4528,"comment_status":"closed","ping_status":"closed","sticky":false,"template":"","format":"standard","meta":{"footnotes":""},"categories":[75,232],"tags":[208,207],"class_list":["post-4527","post","type-post","status-publish","format-standard","has-post-thumbnail","hentry","category-noticias","category-samcla-pais-vasco","tag-parques-y-jardines","tag-riego-municipal"],"yoast_head":"<!-- This site is optimized with the Yoast SEO plugin v27.5 - https:\/\/yoast.com\/product\/yoast-seo-wordpress\/ -->\n<title>El Ayuntamiento de Bilbao instala el Sistema de Telegesti\u00f3n SamclaCity-Water para el control de los parques y jardines de la ciudad &#8212; Samcla<\/title>\n<meta name=\"robots\" content=\"index, follow, max-snippet:-1, max-image-preview:large, max-video-preview:-1\" \/>\n<link rel=\"canonical\" href=\"https:\/\/samcla.com\/es\/ayuntamiento-bilbao-instala-sistema-telegestion-samcla-scr-control-los-parques-jardines-la-ciudad\/\" \/>\n<meta property=\"og:locale\" content=\"es_ES\" \/>\n<meta property=\"og:type\" content=\"article\" \/>\n<meta property=\"og:title\" content=\"El Ayuntamiento de Bilbao instala el Sistema de Telegesti\u00f3n SamclaCity-Water para el control de los parques y jardines de la ciudad &#8212; Samcla\" \/>\n<meta property=\"og:description\" content=\"El Ayuntamiento de Bilbao ha instalado el Sistema de Telegesti\u00f3n SamclaCity-Water\u00a0para controlar, v\u00eda Internet, los m\u00e1s de 1.200 programadores que forman la red de riego de los parques y jardines de la ciudad. Con la instalaci\u00f3n de este sistema de telegesti\u00f3n, adem\u00e1s del gran ahorro en el consumo de agua (m\u00e1s del 35% seg\u00fan datos [&hellip;]\" \/>\n<meta property=\"og:url\" content=\"https:\/\/samcla.com\/es\/ayuntamiento-bilbao-instala-sistema-telegestion-samcla-scr-control-los-parques-jardines-la-ciudad\/\" \/>\n<meta property=\"og:site_name\" content=\"Samcla\" \/>\n<meta property=\"article:published_time\" content=\"2018-03-02T11:37:23+00:00\" \/>\n<meta property=\"article:modified_time\" content=\"2022-01-13T12:23:37+00:00\" \/>\n<meta property=\"og:image\" content=\"https:\/\/samcla.com\/wp-content\/uploads\/2018\/03\/Parque-Europa_Bilbao.jpg\" \/>\n\t<meta property=\"og:image:width\" content=\"647\" \/>\n\t<meta property=\"og:image:height\" content=\"331\" \/>\n\t<meta property=\"og:image:type\" content=\"image\/jpeg\" \/>\n<meta name=\"author\" content=\"Manel Claus\" \/>\n<meta name=\"twitter:card\" content=\"summary_large_image\" \/>\n<meta name=\"twitter:label1\" content=\"Escrito por\" \/>\n\t<meta name=\"twitter:data1\" content=\"Manel Claus\" \/>\n\t<meta name=\"twitter:label2\" content=\"Tiempo de lectura\" \/>\n\t<meta name=\"twitter:data2\" content=\"1 minuto\" \/>\n<script type=\"application\/ld+json\" class=\"yoast-schema-graph\">{\"@context\":\"https:\\\/\\\/schema.org\",\"@graph\":[{\"@type\":\"Article\",\"@id\":\"https:\\\/\\\/samcla.com\\\/es\\\/ayuntamiento-bilbao-instala-sistema-telegestion-samcla-scr-control-los-parques-jardines-la-ciudad\\\/#article\",\"isPartOf\":{\"@id\":\"https:\\\/\\\/samcla.com\\\/es\\\/ayuntamiento-bilbao-instala-sistema-telegestion-samcla-scr-control-los-parques-jardines-la-ciudad\\\/\"},\"author\":{\"name\":\"Manel Claus\",\"@id\":\"https:\\\/\\\/samcla.com\\\/es\\\/#\\\/schema\\\/person\\\/a9a1635d62df7e3d044771b7ffeaa898\"},\"headline\":\"El Ayuntamiento de Bilbao instala el Sistema de Telegesti\u00f3n SamclaCity-Water para el control de los parques y jardines de la ciudad\",\"datePublished\":\"2018-03-02T11:37:23+00:00\",\"dateModified\":\"2022-01-13T12:23:37+00:00\",\"mainEntityOfPage\":{\"@id\":\"https:\\\/\\\/samcla.com\\\/es\\\/ayuntamiento-bilbao-instala-sistema-telegestion-samcla-scr-control-los-parques-jardines-la-ciudad\\\/\"},\"wordCount\":167,\"publisher\":{\"@id\":\"https:\\\/\\\/samcla.com\\\/es\\\/#organization\"},\"image\":{\"@id\":\"https:\\\/\\\/samcla.com\\\/es\\\/ayuntamiento-bilbao-instala-sistema-telegestion-samcla-scr-control-los-parques-jardines-la-ciudad\\\/#primaryimage\"},\"thumbnailUrl\":\"https:\\\/\\\/samcla.com\\\/wp-content\\\/uploads\\\/2018\\\/03\\\/Parque-Europa_Bilbao.jpg\",\"keywords\":[\"PARQUES Y JARDINES\",\"RIEGO MUNICIPAL\"],\"articleSection\":[\"NOTICIAS\",\"SAMCLA PA\u00cdS VASCO\"],\"inLanguage\":\"es\"},{\"@type\":\"WebPage\",\"@id\":\"https:\\\/\\\/samcla.com\\\/es\\\/ayuntamiento-bilbao-instala-sistema-telegestion-samcla-scr-control-los-parques-jardines-la-ciudad\\\/\",\"url\":\"https:\\\/\\\/samcla.com\\\/es\\\/ayuntamiento-bilbao-instala-sistema-telegestion-samcla-scr-control-los-parques-jardines-la-ciudad\\\/\",\"name\":\"El Ayuntamiento de Bilbao instala el Sistema de Telegesti\u00f3n SamclaCity-Water para el control de los parques y jardines de la ciudad &#8212; Samcla\",\"isPartOf\":{\"@id\":\"https:\\\/\\\/samcla.com\\\/es\\\/#website\"},\"primaryImageOfPage\":{\"@id\":\"https:\\\/\\\/samcla.com\\\/es\\\/ayuntamiento-bilbao-instala-sistema-telegestion-samcla-scr-control-los-parques-jardines-la-ciudad\\\/#primaryimage\"},\"image\":{\"@id\":\"https:\\\/\\\/samcla.com\\\/es\\\/ayuntamiento-bilbao-instala-sistema-telegestion-samcla-scr-control-los-parques-jardines-la-ciudad\\\/#primaryimage\"},\"thumbnailUrl\":\"https:\\\/\\\/samcla.com\\\/wp-content\\\/uploads\\\/2018\\\/03\\\/Parque-Europa_Bilbao.jpg\",\"datePublished\":\"2018-03-02T11:37:23+00:00\",\"dateModified\":\"2022-01-13T12:23:37+00:00\",\"breadcrumb\":{\"@id\":\"https:\\\/\\\/samcla.com\\\/es\\\/ayuntamiento-bilbao-instala-sistema-telegestion-samcla-scr-control-los-parques-jardines-la-ciudad\\\/#breadcrumb\"},\"inLanguage\":\"es\",\"potentialAction\":[{\"@type\":\"ReadAction\",\"target\":[\"https:\\\/\\\/samcla.com\\\/es\\\/ayuntamiento-bilbao-instala-sistema-telegestion-samcla-scr-control-los-parques-jardines-la-ciudad\\\/\"]}]},{\"@type\":\"ImageObject\",\"inLanguage\":\"es\",\"@id\":\"https:\\\/\\\/samcla.com\\\/es\\\/ayuntamiento-bilbao-instala-sistema-telegestion-samcla-scr-control-los-parques-jardines-la-ciudad\\\/#primaryimage\",\"url\":\"https:\\\/\\\/samcla.com\\\/wp-content\\\/uploads\\\/2018\\\/03\\\/Parque-Europa_Bilbao.jpg\",\"contentUrl\":\"https:\\\/\\\/samcla.com\\\/wp-content\\\/uploads\\\/2018\\\/03\\\/Parque-Europa_Bilbao.jpg\",\"width\":\"647\",\"height\":\"331\"},{\"@type\":\"BreadcrumbList\",\"@id\":\"https:\\\/\\\/samcla.com\\\/es\\\/ayuntamiento-bilbao-instala-sistema-telegestion-samcla-scr-control-los-parques-jardines-la-ciudad\\\/#breadcrumb\",\"itemListElement\":[{\"@type\":\"ListItem\",\"position\":1,\"name\":\"Portada\",\"item\":\"https:\\\/\\\/samcla.com\\\/es\\\/inicio\\\/\"},{\"@type\":\"ListItem\",\"position\":2,\"name\":\"El Ayuntamiento de Bilbao instala el Sistema de Telegesti\u00f3n SamclaCity-Water para el control de los parques y jardines de la ciudad\"}]},{\"@type\":\"WebSite\",\"@id\":\"https:\\\/\\\/samcla.com\\\/es\\\/#website\",\"url\":\"https:\\\/\\\/samcla.com\\\/es\\\/\",\"name\":\"Samcla\",\"description\":\"Sistema de telegesti\u00f3n para redes de riego\",\"publisher\":{\"@id\":\"https:\\\/\\\/samcla.com\\\/es\\\/#organization\"},\"potentialAction\":[{\"@type\":\"SearchAction\",\"target\":{\"@type\":\"EntryPoint\",\"urlTemplate\":\"https:\\\/\\\/samcla.com\\\/es\\\/?s={search_term_string}\"},\"query-input\":{\"@type\":\"PropertyValueSpecification\",\"valueRequired\":true,\"valueName\":\"search_term_string\"}}],\"inLanguage\":\"es\"},{\"@type\":\"Organization\",\"@id\":\"https:\\\/\\\/samcla.com\\\/es\\\/#organization\",\"name\":\"SAMCLA\",\"url\":\"https:\\\/\\\/samcla.com\\\/es\\\/\",\"logo\":{\"@type\":\"ImageObject\",\"inLanguage\":\"es\",\"@id\":\"https:\\\/\\\/samcla.com\\\/es\\\/#\\\/schema\\\/logo\\\/image\\\/\",\"url\":\"https:\\\/\\\/samcla.com\\\/wp-content\\\/uploads\\\/2018\\\/03\\\/LOGO_SAMCLA_HOME_5.png\",\"contentUrl\":\"https:\\\/\\\/samcla.com\\\/wp-content\\\/uploads\\\/2018\\\/03\\\/LOGO_SAMCLA_HOME_5.png\",\"width\":\"543\",\"height\":\"200\",\"caption\":\"SAMCLA\"},\"image\":{\"@id\":\"https:\\\/\\\/samcla.com\\\/es\\\/#\\\/schema\\\/logo\\\/image\\\/\"},\"sameAs\":[\"http:\\\/\\\/samclatelemanagement\"]},{\"@type\":\"Person\",\"@id\":\"https:\\\/\\\/samcla.com\\\/es\\\/#\\\/schema\\\/person\\\/a9a1635d62df7e3d044771b7ffeaa898\",\"name\":\"Manel Claus\",\"image\":{\"@type\":\"ImageObject\",\"inLanguage\":\"es\",\"@id\":\"https:\\\/\\\/secure.gravatar.com\\\/avatar\\\/f552455a3498149397958ac760dae4befc5302a67d18a10b6d62d1ae302a5038?s=96&d=mm&r=g\",\"url\":\"https:\\\/\\\/secure.gravatar.com\\\/avatar\\\/f552455a3498149397958ac760dae4befc5302a67d18a10b6d62d1ae302a5038?s=96&d=mm&r=g\",\"contentUrl\":\"https:\\\/\\\/secure.gravatar.com\\\/avatar\\\/f552455a3498149397958ac760dae4befc5302a67d18a10b6d62d1ae302a5038?s=96&d=mm&r=g\",\"caption\":\"Manel Claus\"},\"sameAs\":[\"https:\\\/\\\/samcla.com\"],\"url\":\"https:\\\/\\\/samcla.com\\\/es\\\/author\\\/mclaus\\\/\"}]}<\/script>\n<!-- \/ Yoast SEO plugin. -->","yoast_head_json":{"title":"El Ayuntamiento de Bilbao instala el Sistema de Telegesti\u00f3n SamclaCity-Water para el control de los parques y jardines de la ciudad &#8212; Samcla","robots":{"index":"index","follow":"follow","max-snippet":"max-snippet:-1","max-image-preview":"max-image-preview:large","max-video-preview":"max-video-preview:-1"},"canonical":"https:\/\/samcla.com\/es\/ayuntamiento-bilbao-instala-sistema-telegestion-samcla-scr-control-los-parques-jardines-la-ciudad\/","og_locale":"es_ES","og_type":"article","og_title":"El Ayuntamiento de Bilbao instala el Sistema de Telegesti\u00f3n SamclaCity-Water para el control de los parques y jardines de la ciudad &#8212; Samcla","og_description":"El Ayuntamiento de Bilbao ha instalado el Sistema de Telegesti\u00f3n SamclaCity-Water\u00a0para controlar, v\u00eda Internet, los m\u00e1s de 1.200 programadores que forman la red de riego de los parques y jardines de la ciudad. Con la instalaci\u00f3n de este sistema de telegesti\u00f3n, adem\u00e1s del gran ahorro en el consumo de agua (m\u00e1s del 35% seg\u00fan datos [&hellip;]","og_url":"https:\/\/samcla.com\/es\/ayuntamiento-bilbao-instala-sistema-telegestion-samcla-scr-control-los-parques-jardines-la-ciudad\/","og_site_name":"Samcla","article_published_time":"2018-03-02T11:37:23+00:00","article_modified_time":"2022-01-13T12:23:37+00:00","og_image":[{"width":647,"height":331,"url":"https:\/\/samcla.com\/wp-content\/uploads\/2018\/03\/Parque-Europa_Bilbao.jpg","type":"image\/jpeg"}],"author":"Manel Claus","twitter_card":"summary_large_image","twitter_misc":{"Escrito por":"Manel Claus","Tiempo de lectura":"1 minuto"},"schema":{"@context":"https:\/\/schema.org","@graph":[{"@type":"Article","@id":"https:\/\/samcla.com\/es\/ayuntamiento-bilbao-instala-sistema-telegestion-samcla-scr-control-los-parques-jardines-la-ciudad\/#article","isPartOf":{"@id":"https:\/\/samcla.com\/es\/ayuntamiento-bilbao-instala-sistema-telegestion-samcla-scr-control-los-parques-jardines-la-ciudad\/"},"author":{"name":"Manel Claus","@id":"https:\/\/samcla.com\/es\/#\/schema\/person\/a9a1635d62df7e3d044771b7ffeaa898"},"headline":"El Ayuntamiento de Bilbao instala el Sistema de Telegesti\u00f3n SamclaCity-Water para el control de los parques y jardines de la ciudad","datePublished":"2018-03-02T11:37:23+00:00","dateModified":"2022-01-13T12:23:37+00:00","mainEntityOfPage":{"@id":"https:\/\/samcla.com\/es\/ayuntamiento-bilbao-instala-sistema-telegestion-samcla-scr-control-los-parques-jardines-la-ciudad\/"},"wordCount":167,"publisher":{"@id":"https:\/\/samcla.com\/es\/#organization"},"image":{"@id":"https:\/\/samcla.com\/es\/ayuntamiento-bilbao-instala-sistema-telegestion-samcla-scr-control-los-parques-jardines-la-ciudad\/#primaryimage"},"thumbnailUrl":"https:\/\/samcla.com\/wp-content\/uploads\/2018\/03\/Parque-Europa_Bilbao.jpg","keywords":["PARQUES Y JARDINES","RIEGO MUNICIPAL"],"articleSection":["NOTICIAS","SAMCLA PA\u00cdS VASCO"],"inLanguage":"es"},{"@type":"WebPage","@id":"https:\/\/samcla.com\/es\/ayuntamiento-bilbao-instala-sistema-telegestion-samcla-scr-control-los-parques-jardines-la-ciudad\/","url":"https:\/\/samcla.com\/es\/ayuntamiento-bilbao-instala-sistema-telegestion-samcla-scr-control-los-parques-jardines-la-ciudad\/","name":"El Ayuntamiento de Bilbao instala el Sistema de Telegesti\u00f3n SamclaCity-Water para el control de los parques y jardines de la ciudad &#8212; Samcla","isPartOf":{"@id":"https:\/\/samcla.com\/es\/#website"},"primaryImageOfPage":{"@id":"https:\/\/samcla.com\/es\/ayuntamiento-bilbao-instala-sistema-telegestion-samcla-scr-control-los-parques-jardines-la-ciudad\/#primaryimage"},"image":{"@id":"https:\/\/samcla.com\/es\/ayuntamiento-bilbao-instala-sistema-telegestion-samcla-scr-control-los-parques-jardines-la-ciudad\/#primaryimage"},"thumbnailUrl":"https:\/\/samcla.com\/wp-content\/uploads\/2018\/03\/Parque-Europa_Bilbao.jpg","datePublished":"2018-03-02T11:37:23+00:00","dateModified":"2022-01-13T12:23:37+00:00","breadcrumb":{"@id":"https:\/\/samcla.com\/es\/ayuntamiento-bilbao-instala-sistema-telegestion-samcla-scr-control-los-parques-jardines-la-ciudad\/#breadcrumb"},"inLanguage":"es","potentialAction":[{"@type":"ReadAction","target":["https:\/\/samcla.com\/es\/ayuntamiento-bilbao-instala-sistema-telegestion-samcla-scr-control-los-parques-jardines-la-ciudad\/"]}]},{"@type":"ImageObject","inLanguage":"es","@id":"https:\/\/samcla.com\/es\/ayuntamiento-bilbao-instala-sistema-telegestion-samcla-scr-control-los-parques-jardines-la-ciudad\/#primaryimage","url":"https:\/\/samcla.com\/wp-content\/uploads\/2018\/03\/Parque-Europa_Bilbao.jpg","contentUrl":"https:\/\/samcla.com\/wp-content\/uploads\/2018\/03\/Parque-Europa_Bilbao.jpg","width":"647","height":"331"},{"@type":"BreadcrumbList","@id":"https:\/\/samcla.com\/es\/ayuntamiento-bilbao-instala-sistema-telegestion-samcla-scr-control-los-parques-jardines-la-ciudad\/#breadcrumb","itemListElement":[{"@type":"ListItem","position":1,"name":"Portada","item":"https:\/\/samcla.com\/es\/inicio\/"},{"@type":"ListItem","position":2,"name":"El Ayuntamiento de Bilbao instala el Sistema de Telegesti\u00f3n SamclaCity-Water para el control de los parques y jardines de la ciudad"}]},{"@type":"WebSite","@id":"https:\/\/samcla.com\/es\/#website","url":"https:\/\/samcla.com\/es\/","name":"Samcla","description":"Sistema de telegesti\u00f3n para redes de riego","publisher":{"@id":"https:\/\/samcla.com\/es\/#organization"},"potentialAction":[{"@type":"SearchAction","target":{"@type":"EntryPoint","urlTemplate":"https:\/\/samcla.com\/es\/?s={search_term_string}"},"query-input":{"@type":"PropertyValueSpecification","valueRequired":true,"valueName":"search_term_string"}}],"inLanguage":"es"},{"@type":"Organization","@id":"https:\/\/samcla.com\/es\/#organization","name":"SAMCLA","url":"https:\/\/samcla.com\/es\/","logo":{"@type":"ImageObject","inLanguage":"es","@id":"https:\/\/samcla.com\/es\/#\/schema\/logo\/image\/","url":"https:\/\/samcla.com\/wp-content\/uploads\/2018\/03\/LOGO_SAMCLA_HOME_5.png","contentUrl":"https:\/\/samcla.com\/wp-content\/uploads\/2018\/03\/LOGO_SAMCLA_HOME_5.png","width":"543","height":"200","caption":"SAMCLA"},"image":{"@id":"https:\/\/samcla.com\/es\/#\/schema\/logo\/image\/"},"sameAs":["http:\/\/samclatelemanagement"]},{"@type":"Person","@id":"https:\/\/samcla.com\/es\/#\/schema\/person\/a9a1635d62df7e3d044771b7ffeaa898","name":"Manel Claus","image":{"@type":"ImageObject","inLanguage":"es","@id":"https:\/\/secure.gravatar.com\/avatar\/f552455a3498149397958ac760dae4befc5302a67d18a10b6d62d1ae302a5038?s=96&d=mm&r=g","url":"https:\/\/secure.gravatar.com\/avatar\/f552455a3498149397958ac760dae4befc5302a67d18a10b6d62d1ae302a5038?s=96&d=mm&r=g","contentUrl":"https:\/\/secure.gravatar.com\/avatar\/f552455a3498149397958ac760dae4befc5302a67d18a10b6d62d1ae302a5038?s=96&d=mm&r=g","caption":"Manel Claus"},"sameAs":["https:\/\/samcla.com"],"url":"https:\/\/samcla.com\/es\/author\/mclaus\/"}]}},"_links":{"self":[{"href":"https:\/\/samcla.com\/es\/wp-json\/wp\/v2\/posts\/4527","targetHints":{"allow":["GET"]}}],"collection":[{"href":"https:\/\/samcla.com\/es\/wp-json\/wp\/v2\/posts"}],"about":[{"href":"https:\/\/samcla.com\/es\/wp-json\/wp\/v2\/types\/post"}],"author":[{"embeddable":true,"href":"https:\/\/samcla.com\/es\/wp-json\/wp\/v2\/users\/2"}],"replies":[{"embeddable":true,"href":"https:\/\/samcla.com\/es\/wp-json\/wp\/v2\/comments?post=4527"}],"version-history":[{"count":0,"href":"https:\/\/samcla.com\/es\/wp-json\/wp\/v2\/posts\/4527\/revisions"}],"wp:featuredmedia":[{"embeddable":true,"href":"https:\/\/samcla.com\/es\/wp-json\/wp\/v2\/media\/4528"}],"wp:attachment":[{"href":"https:\/\/samcla.com\/es\/wp-json\/wp\/v2\/media?parent=4527"}],"wp:term":[{"taxonomy":"category","embeddable":true,"href":"https:\/\/samcla.com\/es\/wp-json\/wp\/v2\/categories?post=4527"},{"taxonomy":"post_tag","embeddable":true,"href":"https:\/\/samcla.com\/es\/wp-json\/wp\/v2\/tags?post=4527"}],"curies":[{"name":"wp","href":"https:\/\/api.w.org\/{rel}","templated":true}]}}