{"id":22083,"date":"2023-05-22T14:04:33","date_gmt":"2023-05-22T12:04:33","guid":{"rendered":"https:\/\/samcla.com\/samcla-fait-partie-du-groupe-scarabelli\/"},"modified":"2023-05-29T15:14:56","modified_gmt":"2023-05-29T13:14:56","slug":"samcla-fait-partie-du-groupe-scarabelli","status":"publish","type":"post","link":"https:\/\/samcla.com\/fr\/samcla-fait-partie-du-groupe-scarabelli\/","title":{"rendered":"SAMCLA FAIT PARTIE DU GROUPE SCARABELLI"},"content":{"rendered":"<p>C&rsquo;est un r\u00e9el plaisir de vous annoncer aujourd&rsquo;hui que la soci\u00e9t\u00e9 SAMCLA fait partie du groupe Scarabelli.<\/p>\n<blockquote><p>Apr\u00e8s 20 ans de carri\u00e8re, nous pensons que c&rsquo;est la meilleure fa\u00e7on de <strong>donner \u00e0 notre marque l&rsquo;impulsion qu&rsquo;elle m\u00e9rite<\/strong> et que le march\u00e9 et nos clients demandent.<\/p><\/blockquote>\n<p>Nous le faisons <strong>par le biais d&rsquo;une soci\u00e9t\u00e9 de premier ordre<\/strong> dans la distribution des produits d&rsquo;irrigation sur le march\u00e9 italien, avec 50 ans d&rsquo;histoire, avec qui SAMCLA collabore depuis pr\u00e8s de 10 ans et avec qui nous partageons une vision du service intransigeante.<\/p>\n<p>Manel Claus et Jordi Samon, partenaires fondateurs de SAMCLA, continueront \u00e0 mener ce projet avec l&rsquo;ambition maximale, comme toujours, <strong>afin d&rsquo;envoyer nos produits partout, d&rsquo;am\u00e9liorer leurs capacit\u00e9s et surtout garantir la qualit\u00e9 et le service<\/strong> qu&rsquo;un produit de T\u00e9l\u00e9gestion exige.<\/p>\n<p>Nous aimerions aussi profiter de cette note pour remercier tous les clients, collaborateurs et abonn\u00e9s, pour la confiance rendue durant toutes ces ann\u00e9es, sans lesquelles Samcla ne serait pas ce qu&rsquo;elle est et sans laquelle ce projet futur n&rsquo;aurait pas \u00e9t\u00e9 possible. Nous esp\u00e9rons continuer avec vous et avec votre confiance dans cette nouvelle \u00e9tape passionnante qui commence \u00e0 peine.<\/p>\n<p>Allons-y !<\/p>\n","protected":false},"excerpt":{"rendered":"<p>C&rsquo;est un r\u00e9el plaisir de vous annoncer aujourd&rsquo;hui que la soci\u00e9t\u00e9 SAMCLA fait partie du groupe Scarabelli. Apr\u00e8s 20 ans de carri\u00e8re, nous pensons que c&rsquo;est la meilleure fa\u00e7on de donner \u00e0 notre marque l&rsquo;impulsion qu&rsquo;elle m\u00e9rite et que le march\u00e9 et nos clients demandent. Nous le faisons par le biais d&rsquo;une soci\u00e9t\u00e9 de premier [&hellip;]<\/p>\n","protected":false},"author":6,"featured_media":22128,"comment_status":"closed","ping_status":"closed","sticky":false,"template":"","format":"standard","meta":{"footnotes":""},"categories":[1],"tags":[],"class_list":["post-22083","post","type-post","status-publish","format-standard","has-post-thumbnail","hentry","category-nouveautes"],"yoast_head":"<!-- This site is optimized with the Yoast SEO plugin v27.4 - https:\/\/yoast.com\/product\/yoast-seo-wordpress\/ -->\n<title>SAMCLA FAIT PARTIE DU GROUPE SCARABELLI &#8212; Samcla<\/title>\n<meta name=\"robots\" content=\"index, follow, max-snippet:-1, max-image-preview:large, max-video-preview:-1\" \/>\n<link rel=\"canonical\" href=\"https:\/\/samcla.com\/fr\/samcla-fait-partie-du-groupe-scarabelli\/\" \/>\n<meta property=\"og:locale\" content=\"fr_FR\" \/>\n<meta property=\"og:type\" content=\"article\" \/>\n<meta property=\"og:title\" content=\"SAMCLA FAIT PARTIE DU GROUPE SCARABELLI &#8212; Samcla\" \/>\n<meta property=\"og:description\" content=\"C&rsquo;est un r\u00e9el plaisir de vous annoncer aujourd&rsquo;hui que la soci\u00e9t\u00e9 SAMCLA fait partie du groupe Scarabelli. Apr\u00e8s 20 ans de carri\u00e8re, nous pensons que c&rsquo;est la meilleure fa\u00e7on de donner \u00e0 notre marque l&rsquo;impulsion qu&rsquo;elle m\u00e9rite et que le march\u00e9 et nos clients demandent. Nous le faisons par le biais d&rsquo;une soci\u00e9t\u00e9 de premier [&hellip;]\" \/>\n<meta property=\"og:url\" content=\"https:\/\/samcla.com\/fr\/samcla-fait-partie-du-groupe-scarabelli\/\" \/>\n<meta property=\"og:site_name\" content=\"Samcla\" \/>\n<meta property=\"article:published_time\" content=\"2023-05-22T12:04:33+00:00\" \/>\n<meta property=\"article:modified_time\" content=\"2023-05-29T13:14:56+00:00\" \/>\n<meta property=\"og:image\" content=\"https:\/\/samcla.com\/wp-content\/uploads\/2023\/05\/COMUNICAT-6.png\" \/>\n\t<meta property=\"og:image:width\" content=\"1200\" \/>\n\t<meta property=\"og:image:height\" content=\"1200\" \/>\n\t<meta property=\"og:image:type\" content=\"image\/png\" \/>\n<meta name=\"author\" content=\"Anna Castejon\" \/>\n<meta name=\"twitter:card\" content=\"summary_large_image\" \/>\n<meta name=\"twitter:label1\" content=\"\u00c9crit par\" \/>\n\t<meta name=\"twitter:data1\" content=\"Anna Castejon\" \/>\n\t<meta name=\"twitter:label2\" content=\"Dur\u00e9e de lecture estim\u00e9e\" \/>\n\t<meta name=\"twitter:data2\" content=\"2 minutes\" \/>\n<script type=\"application\/ld+json\" class=\"yoast-schema-graph\">{\"@context\":\"https:\\\/\\\/schema.org\",\"@graph\":[{\"@type\":\"Article\",\"@id\":\"https:\\\/\\\/samcla.com\\\/fr\\\/samcla-fait-partie-du-groupe-scarabelli\\\/#article\",\"isPartOf\":{\"@id\":\"https:\\\/\\\/samcla.com\\\/fr\\\/samcla-fait-partie-du-groupe-scarabelli\\\/\"},\"author\":{\"name\":\"Anna Castejon\",\"@id\":\"https:\\\/\\\/samcla.com\\\/fr\\\/#\\\/schema\\\/person\\\/19d4bb58ed43c6b247672b729ce7bbd0\"},\"headline\":\"SAMCLA FAIT PARTIE DU GROUPE SCARABELLI\",\"datePublished\":\"2023-05-22T12:04:33+00:00\",\"dateModified\":\"2023-05-29T13:14:56+00:00\",\"mainEntityOfPage\":{\"@id\":\"https:\\\/\\\/samcla.com\\\/fr\\\/samcla-fait-partie-du-groupe-scarabelli\\\/\"},\"wordCount\":219,\"publisher\":{\"@id\":\"https:\\\/\\\/samcla.com\\\/fr\\\/#organization\"},\"image\":{\"@id\":\"https:\\\/\\\/samcla.com\\\/fr\\\/samcla-fait-partie-du-groupe-scarabelli\\\/#primaryimage\"},\"thumbnailUrl\":\"https:\\\/\\\/samcla.com\\\/wp-content\\\/uploads\\\/2023\\\/05\\\/COMUNICAT-6.png\",\"articleSection\":[\"NOUVEAUT\u00c9S\"],\"inLanguage\":\"fr-FR\"},{\"@type\":\"WebPage\",\"@id\":\"https:\\\/\\\/samcla.com\\\/fr\\\/samcla-fait-partie-du-groupe-scarabelli\\\/\",\"url\":\"https:\\\/\\\/samcla.com\\\/fr\\\/samcla-fait-partie-du-groupe-scarabelli\\\/\",\"name\":\"SAMCLA FAIT PARTIE DU GROUPE SCARABELLI &#8212; Samcla\",\"isPartOf\":{\"@id\":\"https:\\\/\\\/samcla.com\\\/fr\\\/#website\"},\"primaryImageOfPage\":{\"@id\":\"https:\\\/\\\/samcla.com\\\/fr\\\/samcla-fait-partie-du-groupe-scarabelli\\\/#primaryimage\"},\"image\":{\"@id\":\"https:\\\/\\\/samcla.com\\\/fr\\\/samcla-fait-partie-du-groupe-scarabelli\\\/#primaryimage\"},\"thumbnailUrl\":\"https:\\\/\\\/samcla.com\\\/wp-content\\\/uploads\\\/2023\\\/05\\\/COMUNICAT-6.png\",\"datePublished\":\"2023-05-22T12:04:33+00:00\",\"dateModified\":\"2023-05-29T13:14:56+00:00\",\"breadcrumb\":{\"@id\":\"https:\\\/\\\/samcla.com\\\/fr\\\/samcla-fait-partie-du-groupe-scarabelli\\\/#breadcrumb\"},\"inLanguage\":\"fr-FR\",\"potentialAction\":[{\"@type\":\"ReadAction\",\"target\":[\"https:\\\/\\\/samcla.com\\\/fr\\\/samcla-fait-partie-du-groupe-scarabelli\\\/\"]}]},{\"@type\":\"ImageObject\",\"inLanguage\":\"fr-FR\",\"@id\":\"https:\\\/\\\/samcla.com\\\/fr\\\/samcla-fait-partie-du-groupe-scarabelli\\\/#primaryimage\",\"url\":\"https:\\\/\\\/samcla.com\\\/wp-content\\\/uploads\\\/2023\\\/05\\\/COMUNICAT-6.png\",\"contentUrl\":\"https:\\\/\\\/samcla.com\\\/wp-content\\\/uploads\\\/2023\\\/05\\\/COMUNICAT-6.png\",\"width\":1200,\"height\":1200},{\"@type\":\"BreadcrumbList\",\"@id\":\"https:\\\/\\\/samcla.com\\\/fr\\\/samcla-fait-partie-du-groupe-scarabelli\\\/#breadcrumb\",\"itemListElement\":[{\"@type\":\"ListItem\",\"position\":1,\"name\":\"Portada\",\"item\":\"https:\\\/\\\/samcla.com\\\/fr\\\/accueil\\\/\"},{\"@type\":\"ListItem\",\"position\":2,\"name\":\"SAMCLA FAIT PARTIE DU GROUPE SCARABELLI\"}]},{\"@type\":\"WebSite\",\"@id\":\"https:\\\/\\\/samcla.com\\\/fr\\\/#website\",\"url\":\"https:\\\/\\\/samcla.com\\\/fr\\\/\",\"name\":\"Samcla\",\"description\":\"Sistema de telegesti\u00f3n para redes de riego\",\"publisher\":{\"@id\":\"https:\\\/\\\/samcla.com\\\/fr\\\/#organization\"},\"potentialAction\":[{\"@type\":\"SearchAction\",\"target\":{\"@type\":\"EntryPoint\",\"urlTemplate\":\"https:\\\/\\\/samcla.com\\\/fr\\\/?s={search_term_string}\"},\"query-input\":{\"@type\":\"PropertyValueSpecification\",\"valueRequired\":true,\"valueName\":\"search_term_string\"}}],\"inLanguage\":\"fr-FR\"},{\"@type\":\"Organization\",\"@id\":\"https:\\\/\\\/samcla.com\\\/fr\\\/#organization\",\"name\":\"SAMCLA\",\"url\":\"https:\\\/\\\/samcla.com\\\/fr\\\/\",\"logo\":{\"@type\":\"ImageObject\",\"inLanguage\":\"fr-FR\",\"@id\":\"https:\\\/\\\/samcla.com\\\/fr\\\/#\\\/schema\\\/logo\\\/image\\\/\",\"url\":\"https:\\\/\\\/samcla.com\\\/wp-content\\\/uploads\\\/2018\\\/03\\\/LOGO_SAMCLA_HOME_5.png\",\"contentUrl\":\"https:\\\/\\\/samcla.com\\\/wp-content\\\/uploads\\\/2018\\\/03\\\/LOGO_SAMCLA_HOME_5.png\",\"width\":\"543\",\"height\":\"200\",\"caption\":\"SAMCLA\"},\"image\":{\"@id\":\"https:\\\/\\\/samcla.com\\\/fr\\\/#\\\/schema\\\/logo\\\/image\\\/\"},\"sameAs\":[\"http:\\\/\\\/samclatelemanagement\"]},{\"@type\":\"Person\",\"@id\":\"https:\\\/\\\/samcla.com\\\/fr\\\/#\\\/schema\\\/person\\\/19d4bb58ed43c6b247672b729ce7bbd0\",\"name\":\"Anna Castejon\",\"image\":{\"@type\":\"ImageObject\",\"inLanguage\":\"fr-FR\",\"@id\":\"https:\\\/\\\/secure.gravatar.com\\\/avatar\\\/f6873f05ce842b596b76c07705f649a4694e251ef8e2f459adfe84e78da6f60b?s=96&d=mm&r=g\",\"url\":\"https:\\\/\\\/secure.gravatar.com\\\/avatar\\\/f6873f05ce842b596b76c07705f649a4694e251ef8e2f459adfe84e78da6f60b?s=96&d=mm&r=g\",\"contentUrl\":\"https:\\\/\\\/secure.gravatar.com\\\/avatar\\\/f6873f05ce842b596b76c07705f649a4694e251ef8e2f459adfe84e78da6f60b?s=96&d=mm&r=g\",\"caption\":\"Anna Castejon\"},\"url\":\"https:\\\/\\\/samcla.com\\\/fr\\\/author\\\/acastejon\\\/\"}]}<\/script>\n<!-- \/ Yoast SEO plugin. -->","yoast_head_json":{"title":"SAMCLA FAIT PARTIE DU GROUPE SCARABELLI &#8212; Samcla","robots":{"index":"index","follow":"follow","max-snippet":"max-snippet:-1","max-image-preview":"max-image-preview:large","max-video-preview":"max-video-preview:-1"},"canonical":"https:\/\/samcla.com\/fr\/samcla-fait-partie-du-groupe-scarabelli\/","og_locale":"fr_FR","og_type":"article","og_title":"SAMCLA FAIT PARTIE DU GROUPE SCARABELLI &#8212; Samcla","og_description":"C&rsquo;est un r\u00e9el plaisir de vous annoncer aujourd&rsquo;hui que la soci\u00e9t\u00e9 SAMCLA fait partie du groupe Scarabelli. Apr\u00e8s 20 ans de carri\u00e8re, nous pensons que c&rsquo;est la meilleure fa\u00e7on de donner \u00e0 notre marque l&rsquo;impulsion qu&rsquo;elle m\u00e9rite et que le march\u00e9 et nos clients demandent. Nous le faisons par le biais d&rsquo;une soci\u00e9t\u00e9 de premier [&hellip;]","og_url":"https:\/\/samcla.com\/fr\/samcla-fait-partie-du-groupe-scarabelli\/","og_site_name":"Samcla","article_published_time":"2023-05-22T12:04:33+00:00","article_modified_time":"2023-05-29T13:14:56+00:00","og_image":[{"width":1200,"height":1200,"url":"https:\/\/samcla.com\/wp-content\/uploads\/2023\/05\/COMUNICAT-6.png","type":"image\/png"}],"author":"Anna Castejon","twitter_card":"summary_large_image","twitter_misc":{"\u00c9crit par":"Anna Castejon","Dur\u00e9e de lecture estim\u00e9e":"2 minutes"},"schema":{"@context":"https:\/\/schema.org","@graph":[{"@type":"Article","@id":"https:\/\/samcla.com\/fr\/samcla-fait-partie-du-groupe-scarabelli\/#article","isPartOf":{"@id":"https:\/\/samcla.com\/fr\/samcla-fait-partie-du-groupe-scarabelli\/"},"author":{"name":"Anna Castejon","@id":"https:\/\/samcla.com\/fr\/#\/schema\/person\/19d4bb58ed43c6b247672b729ce7bbd0"},"headline":"SAMCLA FAIT PARTIE DU GROUPE SCARABELLI","datePublished":"2023-05-22T12:04:33+00:00","dateModified":"2023-05-29T13:14:56+00:00","mainEntityOfPage":{"@id":"https:\/\/samcla.com\/fr\/samcla-fait-partie-du-groupe-scarabelli\/"},"wordCount":219,"publisher":{"@id":"https:\/\/samcla.com\/fr\/#organization"},"image":{"@id":"https:\/\/samcla.com\/fr\/samcla-fait-partie-du-groupe-scarabelli\/#primaryimage"},"thumbnailUrl":"https:\/\/samcla.com\/wp-content\/uploads\/2023\/05\/COMUNICAT-6.png","articleSection":["NOUVEAUT\u00c9S"],"inLanguage":"fr-FR"},{"@type":"WebPage","@id":"https:\/\/samcla.com\/fr\/samcla-fait-partie-du-groupe-scarabelli\/","url":"https:\/\/samcla.com\/fr\/samcla-fait-partie-du-groupe-scarabelli\/","name":"SAMCLA FAIT PARTIE DU GROUPE SCARABELLI &#8212; Samcla","isPartOf":{"@id":"https:\/\/samcla.com\/fr\/#website"},"primaryImageOfPage":{"@id":"https:\/\/samcla.com\/fr\/samcla-fait-partie-du-groupe-scarabelli\/#primaryimage"},"image":{"@id":"https:\/\/samcla.com\/fr\/samcla-fait-partie-du-groupe-scarabelli\/#primaryimage"},"thumbnailUrl":"https:\/\/samcla.com\/wp-content\/uploads\/2023\/05\/COMUNICAT-6.png","datePublished":"2023-05-22T12:04:33+00:00","dateModified":"2023-05-29T13:14:56+00:00","breadcrumb":{"@id":"https:\/\/samcla.com\/fr\/samcla-fait-partie-du-groupe-scarabelli\/#breadcrumb"},"inLanguage":"fr-FR","potentialAction":[{"@type":"ReadAction","target":["https:\/\/samcla.com\/fr\/samcla-fait-partie-du-groupe-scarabelli\/"]}]},{"@type":"ImageObject","inLanguage":"fr-FR","@id":"https:\/\/samcla.com\/fr\/samcla-fait-partie-du-groupe-scarabelli\/#primaryimage","url":"https:\/\/samcla.com\/wp-content\/uploads\/2023\/05\/COMUNICAT-6.png","contentUrl":"https:\/\/samcla.com\/wp-content\/uploads\/2023\/05\/COMUNICAT-6.png","width":1200,"height":1200},{"@type":"BreadcrumbList","@id":"https:\/\/samcla.com\/fr\/samcla-fait-partie-du-groupe-scarabelli\/#breadcrumb","itemListElement":[{"@type":"ListItem","position":1,"name":"Portada","item":"https:\/\/samcla.com\/fr\/accueil\/"},{"@type":"ListItem","position":2,"name":"SAMCLA FAIT PARTIE DU GROUPE SCARABELLI"}]},{"@type":"WebSite","@id":"https:\/\/samcla.com\/fr\/#website","url":"https:\/\/samcla.com\/fr\/","name":"Samcla","description":"Sistema de telegesti\u00f3n para redes de riego","publisher":{"@id":"https:\/\/samcla.com\/fr\/#organization"},"potentialAction":[{"@type":"SearchAction","target":{"@type":"EntryPoint","urlTemplate":"https:\/\/samcla.com\/fr\/?s={search_term_string}"},"query-input":{"@type":"PropertyValueSpecification","valueRequired":true,"valueName":"search_term_string"}}],"inLanguage":"fr-FR"},{"@type":"Organization","@id":"https:\/\/samcla.com\/fr\/#organization","name":"SAMCLA","url":"https:\/\/samcla.com\/fr\/","logo":{"@type":"ImageObject","inLanguage":"fr-FR","@id":"https:\/\/samcla.com\/fr\/#\/schema\/logo\/image\/","url":"https:\/\/samcla.com\/wp-content\/uploads\/2018\/03\/LOGO_SAMCLA_HOME_5.png","contentUrl":"https:\/\/samcla.com\/wp-content\/uploads\/2018\/03\/LOGO_SAMCLA_HOME_5.png","width":"543","height":"200","caption":"SAMCLA"},"image":{"@id":"https:\/\/samcla.com\/fr\/#\/schema\/logo\/image\/"},"sameAs":["http:\/\/samclatelemanagement"]},{"@type":"Person","@id":"https:\/\/samcla.com\/fr\/#\/schema\/person\/19d4bb58ed43c6b247672b729ce7bbd0","name":"Anna Castejon","image":{"@type":"ImageObject","inLanguage":"fr-FR","@id":"https:\/\/secure.gravatar.com\/avatar\/f6873f05ce842b596b76c07705f649a4694e251ef8e2f459adfe84e78da6f60b?s=96&d=mm&r=g","url":"https:\/\/secure.gravatar.com\/avatar\/f6873f05ce842b596b76c07705f649a4694e251ef8e2f459adfe84e78da6f60b?s=96&d=mm&r=g","contentUrl":"https:\/\/secure.gravatar.com\/avatar\/f6873f05ce842b596b76c07705f649a4694e251ef8e2f459adfe84e78da6f60b?s=96&d=mm&r=g","caption":"Anna Castejon"},"url":"https:\/\/samcla.com\/fr\/author\/acastejon\/"}]}},"_links":{"self":[{"href":"https:\/\/samcla.com\/fr\/wp-json\/wp\/v2\/posts\/22083","targetHints":{"allow":["GET"]}}],"collection":[{"href":"https:\/\/samcla.com\/fr\/wp-json\/wp\/v2\/posts"}],"about":[{"href":"https:\/\/samcla.com\/fr\/wp-json\/wp\/v2\/types\/post"}],"author":[{"embeddable":true,"href":"https:\/\/samcla.com\/fr\/wp-json\/wp\/v2\/users\/6"}],"replies":[{"embeddable":true,"href":"https:\/\/samcla.com\/fr\/wp-json\/wp\/v2\/comments?post=22083"}],"version-history":[{"count":0,"href":"https:\/\/samcla.com\/fr\/wp-json\/wp\/v2\/posts\/22083\/revisions"}],"wp:featuredmedia":[{"embeddable":true,"href":"https:\/\/samcla.com\/fr\/wp-json\/wp\/v2\/media\/22128"}],"wp:attachment":[{"href":"https:\/\/samcla.com\/fr\/wp-json\/wp\/v2\/media?parent=22083"}],"wp:term":[{"taxonomy":"category","embeddable":true,"href":"https:\/\/samcla.com\/fr\/wp-json\/wp\/v2\/categories?post=22083"},{"taxonomy":"post_tag","embeddable":true,"href":"https:\/\/samcla.com\/fr\/wp-json\/wp\/v2\/tags?post=22083"}],"curies":[{"name":"wp","href":"https:\/\/api.w.org\/{rel}","templated":true}]}}