{"id":6897,"date":"2019-02-08T10:15:58","date_gmt":"2019-02-08T09:15:58","guid":{"rendered":"http:\/\/www.samcla.com\/deuxieme-phase-de-telegestion-des-espaces-verts-de-la-ville-de-pozuelo-de-alarcon-madrid\/"},"modified":"2023-05-29T15:14:35","modified_gmt":"2023-05-29T13:14:35","slug":"deuxieme-phase-de-telegestion-des-espaces-verts-de-la-ville-de-pozuelo-de-alarcon-madrid","status":"publish","type":"post","link":"https:\/\/samcla.com\/fr\/deuxieme-phase-de-telegestion-des-espaces-verts-de-la-ville-de-pozuelo-de-alarcon-madrid\/","title":{"rendered":"Deuxi\u00e8me phase de t\u00e9l\u00e9gestion des espaces verts de la ville  de Pozuelo de Alarc\u00f3n (Madrid)"},"content":{"rendered":"<p>La municipalit\u00e9 de Pozuelo de Alarc\u00f3n, avec plus de 1.000 hectares d\u2019espaces verts, \u00e0 termin\u00e9e la seconde phase d\u2019installation du syst\u00e8me de t\u00e9l\u00e9gestion SAMCLACity-*Water.<\/p>\n<p>750 programmateurs d\u2019arrosage g\u00e9r\u00e9s \u00e0 distance permettent le contr\u00f4le de 75% du r\u00e9seau d\u2019arrosage automatique de la ville. En m\u00eame temps, nous avons install\u00e9 des \u00e9quipements de lecture de compteurs d\u2019eau qui contr\u00f4lent en temps r\u00e9el, la consommation en eau, et d\u00e9tection de fuites des parcs et jardins de la ville.<\/p>\n<p>Pour la mairie de Pozuelo de Alarc\u00f3n, la mise en place du syst\u00e8me de t\u00e9l\u00e9gestion SAMCLA apporte une \u00e9conomie d\u2019eau importante, un gain de ressources d\u00e9di\u00e9es aux taches d\u2019entretien du r\u00e9seau des parcs et jardins, comme l\u2019engagement de la municipalit\u00e9 dans une politique environnementale importante en termes de gestion et r\u00e9duction de consommation en eau.<\/p>\n","protected":false},"excerpt":{"rendered":"<p>La municipalit\u00e9 de Pozuelo de Alarc\u00f3n, avec plus de 1.000 hectares d\u2019espaces verts, \u00e0 termin\u00e9e la seconde phase d\u2019installation du syst\u00e8me de t\u00e9l\u00e9gestion SAMCLACity-*Water. 750 programmateurs d\u2019arrosage g\u00e9r\u00e9s \u00e0 distance permettent le contr\u00f4le de 75% du r\u00e9seau d\u2019arrosage automatique de la ville. En m\u00eame temps, nous avons install\u00e9 des \u00e9quipements de lecture de compteurs d\u2019eau [&hellip;]<\/p>\n","protected":false},"author":2,"featured_media":7425,"comment_status":"closed","ping_status":"closed","sticky":false,"template":"","format":"standard","meta":{"footnotes":""},"categories":[1],"tags":[],"class_list":["post-6897","post","type-post","status-publish","format-standard","has-post-thumbnail","hentry","category-nouveautes"],"yoast_head":"<!-- This site is optimized with the Yoast SEO plugin v27.4 - https:\/\/yoast.com\/product\/yoast-seo-wordpress\/ -->\n<title>Deuxi\u00e8me phase de t\u00e9l\u00e9gestion des espaces verts de la ville de Pozuelo de Alarc\u00f3n (Madrid) &#8212; Samcla<\/title>\n<meta name=\"robots\" content=\"index, follow, max-snippet:-1, max-image-preview:large, max-video-preview:-1\" \/>\n<link rel=\"canonical\" href=\"https:\/\/samcla.com\/fr\/deuxieme-phase-de-telegestion-des-espaces-verts-de-la-ville-de-pozuelo-de-alarcon-madrid\/\" \/>\n<meta property=\"og:locale\" content=\"fr_FR\" \/>\n<meta property=\"og:type\" content=\"article\" \/>\n<meta property=\"og:title\" content=\"Deuxi\u00e8me phase de t\u00e9l\u00e9gestion des espaces verts de la ville de Pozuelo de Alarc\u00f3n (Madrid) &#8212; Samcla\" \/>\n<meta property=\"og:description\" content=\"La municipalit\u00e9 de Pozuelo de Alarc\u00f3n, avec plus de 1.000 hectares d\u2019espaces verts, \u00e0 termin\u00e9e la seconde phase d\u2019installation du syst\u00e8me de t\u00e9l\u00e9gestion SAMCLACity-*Water. 750 programmateurs d\u2019arrosage g\u00e9r\u00e9s \u00e0 distance permettent le contr\u00f4le de 75% du r\u00e9seau d\u2019arrosage automatique de la ville. En m\u00eame temps, nous avons install\u00e9 des \u00e9quipements de lecture de compteurs d\u2019eau [&hellip;]\" \/>\n<meta property=\"og:url\" content=\"https:\/\/samcla.com\/fr\/deuxieme-phase-de-telegestion-des-espaces-verts-de-la-ville-de-pozuelo-de-alarcon-madrid\/\" \/>\n<meta property=\"og:site_name\" content=\"Samcla\" \/>\n<meta property=\"article:published_time\" content=\"2019-02-08T09:15:58+00:00\" \/>\n<meta property=\"article:modified_time\" content=\"2023-05-29T13:14:35+00:00\" \/>\n<meta property=\"og:image\" content=\"https:\/\/samcla.com\/wp-content\/uploads\/2018\/03\/Parque-de-las-Minas_Pozuelo_2.jpg\" \/>\n\t<meta property=\"og:image:width\" content=\"647\" \/>\n\t<meta property=\"og:image:height\" content=\"331\" \/>\n\t<meta property=\"og:image:type\" content=\"image\/jpeg\" \/>\n<meta name=\"author\" content=\"Manel Claus\" \/>\n<meta name=\"twitter:card\" content=\"summary_large_image\" \/>\n<meta name=\"twitter:label1\" content=\"\u00c9crit par\" \/>\n\t<meta name=\"twitter:data1\" content=\"Manel Claus\" \/>\n\t<meta name=\"twitter:label2\" content=\"Dur\u00e9e de lecture estim\u00e9e\" \/>\n\t<meta name=\"twitter:data2\" content=\"1 minute\" \/>\n<script type=\"application\/ld+json\" class=\"yoast-schema-graph\">{\"@context\":\"https:\\\/\\\/schema.org\",\"@graph\":[{\"@type\":\"Article\",\"@id\":\"https:\\\/\\\/samcla.com\\\/fr\\\/deuxieme-phase-de-telegestion-des-espaces-verts-de-la-ville-de-pozuelo-de-alarcon-madrid\\\/#article\",\"isPartOf\":{\"@id\":\"https:\\\/\\\/samcla.com\\\/fr\\\/deuxieme-phase-de-telegestion-des-espaces-verts-de-la-ville-de-pozuelo-de-alarcon-madrid\\\/\"},\"author\":{\"name\":\"Manel Claus\",\"@id\":\"https:\\\/\\\/samcla.com\\\/fr\\\/#\\\/schema\\\/person\\\/a9a1635d62df7e3d044771b7ffeaa898\"},\"headline\":\"Deuxi\u00e8me phase de t\u00e9l\u00e9gestion des espaces verts de la ville de Pozuelo de Alarc\u00f3n (Madrid)\",\"datePublished\":\"2019-02-08T09:15:58+00:00\",\"dateModified\":\"2023-05-29T13:14:35+00:00\",\"mainEntityOfPage\":{\"@id\":\"https:\\\/\\\/samcla.com\\\/fr\\\/deuxieme-phase-de-telegestion-des-espaces-verts-de-la-ville-de-pozuelo-de-alarcon-madrid\\\/\"},\"wordCount\":174,\"publisher\":{\"@id\":\"https:\\\/\\\/samcla.com\\\/fr\\\/#organization\"},\"image\":{\"@id\":\"https:\\\/\\\/samcla.com\\\/fr\\\/deuxieme-phase-de-telegestion-des-espaces-verts-de-la-ville-de-pozuelo-de-alarcon-madrid\\\/#primaryimage\"},\"thumbnailUrl\":\"https:\\\/\\\/samcla.com\\\/wp-content\\\/uploads\\\/2018\\\/03\\\/Parque-de-las-Minas_Pozuelo_2.jpg\",\"articleSection\":[\"NOUVEAUT\u00c9S\"],\"inLanguage\":\"fr-FR\"},{\"@type\":\"WebPage\",\"@id\":\"https:\\\/\\\/samcla.com\\\/fr\\\/deuxieme-phase-de-telegestion-des-espaces-verts-de-la-ville-de-pozuelo-de-alarcon-madrid\\\/\",\"url\":\"https:\\\/\\\/samcla.com\\\/fr\\\/deuxieme-phase-de-telegestion-des-espaces-verts-de-la-ville-de-pozuelo-de-alarcon-madrid\\\/\",\"name\":\"Deuxi\u00e8me phase de t\u00e9l\u00e9gestion des espaces verts de la ville de Pozuelo de Alarc\u00f3n (Madrid) &#8212; Samcla\",\"isPartOf\":{\"@id\":\"https:\\\/\\\/samcla.com\\\/fr\\\/#website\"},\"primaryImageOfPage\":{\"@id\":\"https:\\\/\\\/samcla.com\\\/fr\\\/deuxieme-phase-de-telegestion-des-espaces-verts-de-la-ville-de-pozuelo-de-alarcon-madrid\\\/#primaryimage\"},\"image\":{\"@id\":\"https:\\\/\\\/samcla.com\\\/fr\\\/deuxieme-phase-de-telegestion-des-espaces-verts-de-la-ville-de-pozuelo-de-alarcon-madrid\\\/#primaryimage\"},\"thumbnailUrl\":\"https:\\\/\\\/samcla.com\\\/wp-content\\\/uploads\\\/2018\\\/03\\\/Parque-de-las-Minas_Pozuelo_2.jpg\",\"datePublished\":\"2019-02-08T09:15:58+00:00\",\"dateModified\":\"2023-05-29T13:14:35+00:00\",\"breadcrumb\":{\"@id\":\"https:\\\/\\\/samcla.com\\\/fr\\\/deuxieme-phase-de-telegestion-des-espaces-verts-de-la-ville-de-pozuelo-de-alarcon-madrid\\\/#breadcrumb\"},\"inLanguage\":\"fr-FR\",\"potentialAction\":[{\"@type\":\"ReadAction\",\"target\":[\"https:\\\/\\\/samcla.com\\\/fr\\\/deuxieme-phase-de-telegestion-des-espaces-verts-de-la-ville-de-pozuelo-de-alarcon-madrid\\\/\"]}]},{\"@type\":\"ImageObject\",\"inLanguage\":\"fr-FR\",\"@id\":\"https:\\\/\\\/samcla.com\\\/fr\\\/deuxieme-phase-de-telegestion-des-espaces-verts-de-la-ville-de-pozuelo-de-alarcon-madrid\\\/#primaryimage\",\"url\":\"https:\\\/\\\/samcla.com\\\/wp-content\\\/uploads\\\/2018\\\/03\\\/Parque-de-las-Minas_Pozuelo_2.jpg\",\"contentUrl\":\"https:\\\/\\\/samcla.com\\\/wp-content\\\/uploads\\\/2018\\\/03\\\/Parque-de-las-Minas_Pozuelo_2.jpg\",\"width\":\"647\",\"height\":\"331\",\"caption\":\"Parque-de-las-Minas_Pozuelo_2\"},{\"@type\":\"BreadcrumbList\",\"@id\":\"https:\\\/\\\/samcla.com\\\/fr\\\/deuxieme-phase-de-telegestion-des-espaces-verts-de-la-ville-de-pozuelo-de-alarcon-madrid\\\/#breadcrumb\",\"itemListElement\":[{\"@type\":\"ListItem\",\"position\":1,\"name\":\"Portada\",\"item\":\"https:\\\/\\\/samcla.com\\\/fr\\\/accueil\\\/\"},{\"@type\":\"ListItem\",\"position\":2,\"name\":\"Deuxi\u00e8me phase de t\u00e9l\u00e9gestion des espaces verts de la ville de Pozuelo de Alarc\u00f3n (Madrid)\"}]},{\"@type\":\"WebSite\",\"@id\":\"https:\\\/\\\/samcla.com\\\/fr\\\/#website\",\"url\":\"https:\\\/\\\/samcla.com\\\/fr\\\/\",\"name\":\"Samcla\",\"description\":\"Sistema de telegesti\u00f3n para redes de riego\",\"publisher\":{\"@id\":\"https:\\\/\\\/samcla.com\\\/fr\\\/#organization\"},\"potentialAction\":[{\"@type\":\"SearchAction\",\"target\":{\"@type\":\"EntryPoint\",\"urlTemplate\":\"https:\\\/\\\/samcla.com\\\/fr\\\/?s={search_term_string}\"},\"query-input\":{\"@type\":\"PropertyValueSpecification\",\"valueRequired\":true,\"valueName\":\"search_term_string\"}}],\"inLanguage\":\"fr-FR\"},{\"@type\":\"Organization\",\"@id\":\"https:\\\/\\\/samcla.com\\\/fr\\\/#organization\",\"name\":\"SAMCLA\",\"url\":\"https:\\\/\\\/samcla.com\\\/fr\\\/\",\"logo\":{\"@type\":\"ImageObject\",\"inLanguage\":\"fr-FR\",\"@id\":\"https:\\\/\\\/samcla.com\\\/fr\\\/#\\\/schema\\\/logo\\\/image\\\/\",\"url\":\"https:\\\/\\\/samcla.com\\\/wp-content\\\/uploads\\\/2018\\\/03\\\/LOGO_SAMCLA_HOME_5.png\",\"contentUrl\":\"https:\\\/\\\/samcla.com\\\/wp-content\\\/uploads\\\/2018\\\/03\\\/LOGO_SAMCLA_HOME_5.png\",\"width\":\"543\",\"height\":\"200\",\"caption\":\"SAMCLA\"},\"image\":{\"@id\":\"https:\\\/\\\/samcla.com\\\/fr\\\/#\\\/schema\\\/logo\\\/image\\\/\"},\"sameAs\":[\"http:\\\/\\\/samclatelemanagement\"]},{\"@type\":\"Person\",\"@id\":\"https:\\\/\\\/samcla.com\\\/fr\\\/#\\\/schema\\\/person\\\/a9a1635d62df7e3d044771b7ffeaa898\",\"name\":\"Manel Claus\",\"image\":{\"@type\":\"ImageObject\",\"inLanguage\":\"fr-FR\",\"@id\":\"https:\\\/\\\/secure.gravatar.com\\\/avatar\\\/f552455a3498149397958ac760dae4befc5302a67d18a10b6d62d1ae302a5038?s=96&d=mm&r=g\",\"url\":\"https:\\\/\\\/secure.gravatar.com\\\/avatar\\\/f552455a3498149397958ac760dae4befc5302a67d18a10b6d62d1ae302a5038?s=96&d=mm&r=g\",\"contentUrl\":\"https:\\\/\\\/secure.gravatar.com\\\/avatar\\\/f552455a3498149397958ac760dae4befc5302a67d18a10b6d62d1ae302a5038?s=96&d=mm&r=g\",\"caption\":\"Manel Claus\"},\"sameAs\":[\"https:\\\/\\\/samcla.com\"],\"url\":\"https:\\\/\\\/samcla.com\\\/fr\\\/author\\\/mclaus\\\/\"}]}<\/script>\n<!-- \/ Yoast SEO plugin. -->","yoast_head_json":{"title":"Deuxi\u00e8me phase de t\u00e9l\u00e9gestion des espaces verts de la ville de Pozuelo de Alarc\u00f3n (Madrid) &#8212; Samcla","robots":{"index":"index","follow":"follow","max-snippet":"max-snippet:-1","max-image-preview":"max-image-preview:large","max-video-preview":"max-video-preview:-1"},"canonical":"https:\/\/samcla.com\/fr\/deuxieme-phase-de-telegestion-des-espaces-verts-de-la-ville-de-pozuelo-de-alarcon-madrid\/","og_locale":"fr_FR","og_type":"article","og_title":"Deuxi\u00e8me phase de t\u00e9l\u00e9gestion des espaces verts de la ville de Pozuelo de Alarc\u00f3n (Madrid) &#8212; Samcla","og_description":"La municipalit\u00e9 de Pozuelo de Alarc\u00f3n, avec plus de 1.000 hectares d\u2019espaces verts, \u00e0 termin\u00e9e la seconde phase d\u2019installation du syst\u00e8me de t\u00e9l\u00e9gestion SAMCLACity-*Water. 750 programmateurs d\u2019arrosage g\u00e9r\u00e9s \u00e0 distance permettent le contr\u00f4le de 75% du r\u00e9seau d\u2019arrosage automatique de la ville. En m\u00eame temps, nous avons install\u00e9 des \u00e9quipements de lecture de compteurs d\u2019eau [&hellip;]","og_url":"https:\/\/samcla.com\/fr\/deuxieme-phase-de-telegestion-des-espaces-verts-de-la-ville-de-pozuelo-de-alarcon-madrid\/","og_site_name":"Samcla","article_published_time":"2019-02-08T09:15:58+00:00","article_modified_time":"2023-05-29T13:14:35+00:00","og_image":[{"width":647,"height":331,"url":"https:\/\/samcla.com\/wp-content\/uploads\/2018\/03\/Parque-de-las-Minas_Pozuelo_2.jpg","type":"image\/jpeg"}],"author":"Manel Claus","twitter_card":"summary_large_image","twitter_misc":{"\u00c9crit par":"Manel Claus","Dur\u00e9e de lecture estim\u00e9e":"1 minute"},"schema":{"@context":"https:\/\/schema.org","@graph":[{"@type":"Article","@id":"https:\/\/samcla.com\/fr\/deuxieme-phase-de-telegestion-des-espaces-verts-de-la-ville-de-pozuelo-de-alarcon-madrid\/#article","isPartOf":{"@id":"https:\/\/samcla.com\/fr\/deuxieme-phase-de-telegestion-des-espaces-verts-de-la-ville-de-pozuelo-de-alarcon-madrid\/"},"author":{"name":"Manel Claus","@id":"https:\/\/samcla.com\/fr\/#\/schema\/person\/a9a1635d62df7e3d044771b7ffeaa898"},"headline":"Deuxi\u00e8me phase de t\u00e9l\u00e9gestion des espaces verts de la ville de Pozuelo de Alarc\u00f3n (Madrid)","datePublished":"2019-02-08T09:15:58+00:00","dateModified":"2023-05-29T13:14:35+00:00","mainEntityOfPage":{"@id":"https:\/\/samcla.com\/fr\/deuxieme-phase-de-telegestion-des-espaces-verts-de-la-ville-de-pozuelo-de-alarcon-madrid\/"},"wordCount":174,"publisher":{"@id":"https:\/\/samcla.com\/fr\/#organization"},"image":{"@id":"https:\/\/samcla.com\/fr\/deuxieme-phase-de-telegestion-des-espaces-verts-de-la-ville-de-pozuelo-de-alarcon-madrid\/#primaryimage"},"thumbnailUrl":"https:\/\/samcla.com\/wp-content\/uploads\/2018\/03\/Parque-de-las-Minas_Pozuelo_2.jpg","articleSection":["NOUVEAUT\u00c9S"],"inLanguage":"fr-FR"},{"@type":"WebPage","@id":"https:\/\/samcla.com\/fr\/deuxieme-phase-de-telegestion-des-espaces-verts-de-la-ville-de-pozuelo-de-alarcon-madrid\/","url":"https:\/\/samcla.com\/fr\/deuxieme-phase-de-telegestion-des-espaces-verts-de-la-ville-de-pozuelo-de-alarcon-madrid\/","name":"Deuxi\u00e8me phase de t\u00e9l\u00e9gestion des espaces verts de la ville de Pozuelo de Alarc\u00f3n (Madrid) &#8212; Samcla","isPartOf":{"@id":"https:\/\/samcla.com\/fr\/#website"},"primaryImageOfPage":{"@id":"https:\/\/samcla.com\/fr\/deuxieme-phase-de-telegestion-des-espaces-verts-de-la-ville-de-pozuelo-de-alarcon-madrid\/#primaryimage"},"image":{"@id":"https:\/\/samcla.com\/fr\/deuxieme-phase-de-telegestion-des-espaces-verts-de-la-ville-de-pozuelo-de-alarcon-madrid\/#primaryimage"},"thumbnailUrl":"https:\/\/samcla.com\/wp-content\/uploads\/2018\/03\/Parque-de-las-Minas_Pozuelo_2.jpg","datePublished":"2019-02-08T09:15:58+00:00","dateModified":"2023-05-29T13:14:35+00:00","breadcrumb":{"@id":"https:\/\/samcla.com\/fr\/deuxieme-phase-de-telegestion-des-espaces-verts-de-la-ville-de-pozuelo-de-alarcon-madrid\/#breadcrumb"},"inLanguage":"fr-FR","potentialAction":[{"@type":"ReadAction","target":["https:\/\/samcla.com\/fr\/deuxieme-phase-de-telegestion-des-espaces-verts-de-la-ville-de-pozuelo-de-alarcon-madrid\/"]}]},{"@type":"ImageObject","inLanguage":"fr-FR","@id":"https:\/\/samcla.com\/fr\/deuxieme-phase-de-telegestion-des-espaces-verts-de-la-ville-de-pozuelo-de-alarcon-madrid\/#primaryimage","url":"https:\/\/samcla.com\/wp-content\/uploads\/2018\/03\/Parque-de-las-Minas_Pozuelo_2.jpg","contentUrl":"https:\/\/samcla.com\/wp-content\/uploads\/2018\/03\/Parque-de-las-Minas_Pozuelo_2.jpg","width":"647","height":"331","caption":"Parque-de-las-Minas_Pozuelo_2"},{"@type":"BreadcrumbList","@id":"https:\/\/samcla.com\/fr\/deuxieme-phase-de-telegestion-des-espaces-verts-de-la-ville-de-pozuelo-de-alarcon-madrid\/#breadcrumb","itemListElement":[{"@type":"ListItem","position":1,"name":"Portada","item":"https:\/\/samcla.com\/fr\/accueil\/"},{"@type":"ListItem","position":2,"name":"Deuxi\u00e8me phase de t\u00e9l\u00e9gestion des espaces verts de la ville de Pozuelo de Alarc\u00f3n (Madrid)"}]},{"@type":"WebSite","@id":"https:\/\/samcla.com\/fr\/#website","url":"https:\/\/samcla.com\/fr\/","name":"Samcla","description":"Sistema de telegesti\u00f3n para redes de riego","publisher":{"@id":"https:\/\/samcla.com\/fr\/#organization"},"potentialAction":[{"@type":"SearchAction","target":{"@type":"EntryPoint","urlTemplate":"https:\/\/samcla.com\/fr\/?s={search_term_string}"},"query-input":{"@type":"PropertyValueSpecification","valueRequired":true,"valueName":"search_term_string"}}],"inLanguage":"fr-FR"},{"@type":"Organization","@id":"https:\/\/samcla.com\/fr\/#organization","name":"SAMCLA","url":"https:\/\/samcla.com\/fr\/","logo":{"@type":"ImageObject","inLanguage":"fr-FR","@id":"https:\/\/samcla.com\/fr\/#\/schema\/logo\/image\/","url":"https:\/\/samcla.com\/wp-content\/uploads\/2018\/03\/LOGO_SAMCLA_HOME_5.png","contentUrl":"https:\/\/samcla.com\/wp-content\/uploads\/2018\/03\/LOGO_SAMCLA_HOME_5.png","width":"543","height":"200","caption":"SAMCLA"},"image":{"@id":"https:\/\/samcla.com\/fr\/#\/schema\/logo\/image\/"},"sameAs":["http:\/\/samclatelemanagement"]},{"@type":"Person","@id":"https:\/\/samcla.com\/fr\/#\/schema\/person\/a9a1635d62df7e3d044771b7ffeaa898","name":"Manel Claus","image":{"@type":"ImageObject","inLanguage":"fr-FR","@id":"https:\/\/secure.gravatar.com\/avatar\/f552455a3498149397958ac760dae4befc5302a67d18a10b6d62d1ae302a5038?s=96&d=mm&r=g","url":"https:\/\/secure.gravatar.com\/avatar\/f552455a3498149397958ac760dae4befc5302a67d18a10b6d62d1ae302a5038?s=96&d=mm&r=g","contentUrl":"https:\/\/secure.gravatar.com\/avatar\/f552455a3498149397958ac760dae4befc5302a67d18a10b6d62d1ae302a5038?s=96&d=mm&r=g","caption":"Manel Claus"},"sameAs":["https:\/\/samcla.com"],"url":"https:\/\/samcla.com\/fr\/author\/mclaus\/"}]}},"_links":{"self":[{"href":"https:\/\/samcla.com\/fr\/wp-json\/wp\/v2\/posts\/6897","targetHints":{"allow":["GET"]}}],"collection":[{"href":"https:\/\/samcla.com\/fr\/wp-json\/wp\/v2\/posts"}],"about":[{"href":"https:\/\/samcla.com\/fr\/wp-json\/wp\/v2\/types\/post"}],"author":[{"embeddable":true,"href":"https:\/\/samcla.com\/fr\/wp-json\/wp\/v2\/users\/2"}],"replies":[{"embeddable":true,"href":"https:\/\/samcla.com\/fr\/wp-json\/wp\/v2\/comments?post=6897"}],"version-history":[{"count":0,"href":"https:\/\/samcla.com\/fr\/wp-json\/wp\/v2\/posts\/6897\/revisions"}],"wp:featuredmedia":[{"embeddable":true,"href":"https:\/\/samcla.com\/fr\/wp-json\/wp\/v2\/media\/7425"}],"wp:attachment":[{"href":"https:\/\/samcla.com\/fr\/wp-json\/wp\/v2\/media?parent=6897"}],"wp:term":[{"taxonomy":"category","embeddable":true,"href":"https:\/\/samcla.com\/fr\/wp-json\/wp\/v2\/categories?post=6897"},{"taxonomy":"post_tag","embeddable":true,"href":"https:\/\/samcla.com\/fr\/wp-json\/wp\/v2\/tags?post=6897"}],"curies":[{"name":"wp","href":"https:\/\/api.w.org\/{rel}","templated":true}]}}